{"id":1867,"date":"2011-02-04T20:38:53","date_gmt":"2011-02-04T19:38:53","guid":{"rendered":"http:\/\/blogs.sevilla.abc.es\/desdeeltendido2\/?p=1867"},"modified":"2025-06-04T11:03:55","modified_gmt":"2025-06-04T11:03:55","slug":"alguna-buena-noticia","status":"publish","type":"post","link":"https:\/\/www.ignaciosanchezmejias.es\/index.php\/2011\/02\/04\/alguna-buena-noticia\/","title":{"rendered":"\u00bfAlguna buena noticia?"},"content":{"rendered":"\n<p>En esta \u00e9poca previa al inicio de la temporada, siempre estamos expectantes de noticias taurinas. Este a\u00f1o estamos recibiendo una bofetada tras otra. Parece que a los aficionados nos ha mirado un tuerto (con mis respetos para los tuertos).<\/p>\n\n\n\n<p>La primera bofetada ha sido la puntilla definitiva a la Feria del Toro que se ven\u00eda celebrando en Sevilla, con gran afluencia de p\u00fablico. Ya en el 2010 no se celebr\u00f3, con la justificaci\u00f3n de la falta de patrocinios por la crisis. Dijeron entonces que ser\u00eda bianual, como la Bienal de Arte Flamenco, pero todos pensamos que m\u00e1s bien ser\u00eda al \u201cya te ver\u00e9\u201d. Y as\u00ed ha sido. Falta de patrocinios, falta de apoyo p\u00fablico, falta de financiaci\u00f3n privada, lo que ustedes quieran decir; todo es por falta de pasta. Lo que no es de recibo es que el presidente de FIBES critique a las empresas privadas por la falta de apoyo, y m\u00e1s concretamente a la que tiene a la imagen del toro por bandera. Los empresarios actuales son h\u00e9roes, y las empresas privadas bastante tienen con ir sorteando la situaci\u00f3n actual, para que desde la direcci\u00f3n de FIBES quieran encasquetarle el fracaso de sus gestiones. Los directivos est\u00e1n para dar resultados, no explicaciones. Ahora todos a lamentarse, hoteleros, hosteleros, pol\u00edticos, taurinos, etc. Bueno, pues nos lamentamos todos \u00a1Qu\u00e9 le vamos a hacer!<\/p>\n\n\n\n<p>La segunda ha sido el dato ofrecido por la delegaci\u00f3n de gobierno y repercutido con gran alarde por los medios, &nbsp;de que en la provincia de Sevilla se celebraron en 2010 la mitad de festejos taurinos que en 2007. Otra vez la crisis est\u00e1 detr\u00e1s de estas cifras. Esto s\u00ed que es grave de verdad, y no parece que vayamos a levantar cabeza a corto plazo. Los festejos que m\u00e1s han sufrido la disminuci\u00f3n han sido las novilladas. A lamentarse&nbsp;\u00a1Que le vamos a hacer!<\/p>\n\n\n\n<p>As\u00ed podr\u00edamos seguir un rato, pasando por la idea del gobierno vasco de acotar a los fumadores en las plazas de toros.<\/p>\n\n\n\n<p>La \u00fanica buena noticia taurina de la semana viene de Marruecos, s\u00ed, del vecino del sur. F\u00edjense como estar\u00e1n las cosas que por una vez Marruecos nos da una buena noticia. Seg\u00fan leo en <a href=\"http:\/\/www.burladero.com\/inicio\/015842\/tanger\/quiere\/recuperar\/corridas\/atraer\/turismo\">burladero.com<\/a>, En T\u00e1nger, para recuperar el turismo, se est\u00e1n planteando dar corridas en la plaza de toros que los espa\u00f1oles dejamos all\u00ed. Eso s\u00ed que es una noticia y lo dem\u00e1s son cuentos. D. Gregorio Corrochano habr\u00e1 dado un respingo en su descanso eterno y habr\u00e1 pensado en volver a las rotativas del Diario Espa\u00f1a de T\u00e1nger. Si esto se confirmara, coger\u00e9 (tomar\u00e9 para los amigos mexicanos) el catamar\u00e1n en Tarifa y les prometo la cr\u00f3nica de primera corrida.<\/p>\n","protected":false},"excerpt":{"rendered":"<p>En esta \u00e9poca previa al inicio de la temporada, siempre estamos expectantes de noticias taurinas. Este a\u00f1o estamos recibiendo una bofetada tras otra. Parece que a los aficionados nos ha mirado un tuerto (con mis respetos para los tuertos). La primera bofetada ha sido la puntilla definitiva a la Feria del Toro que se ven\u00eda [&hellip;]<\/p>\n","protected":false},"author":1,"featured_media":4949,"comment_status":"open","ping_status":"open","sticky":false,"template":"","format":"standard","meta":{"footnotes":""},"categories":[5],"tags":[102],"class_list":["post-1867","post","type-post","status-publish","format-standard","has-post-thumbnail","hentry","category-general","tag-feria-del-toro"],"yoast_head":"<!-- This site is optimized with the Yoast SEO plugin v27.5 - https:\/\/yoast.com\/product\/yoast-seo-wordpress\/ -->\n<title>\u00bfAlguna buena noticia? - Sitio web de Ignacio S\u00e1nchez-Mej\u00edas Herrero<\/title>\n<meta name=\"robots\" content=\"index, follow, max-snippet:-1, max-image-preview:large, max-video-preview:-1\" \/>\n<link rel=\"canonical\" href=\"https:\/\/www.ignaciosanchezmejias.es\/index.php\/2011\/02\/04\/alguna-buena-noticia\/\" \/>\n<meta property=\"og:locale\" content=\"es_ES\" \/>\n<meta property=\"og:type\" content=\"article\" \/>\n<meta property=\"og:title\" content=\"\u00bfAlguna buena noticia? - Sitio web de Ignacio S\u00e1nchez-Mej\u00edas Herrero\" \/>\n<meta property=\"og:description\" content=\"En esta \u00e9poca previa al inicio de la temporada, siempre estamos expectantes de noticias taurinas. Este a\u00f1o estamos recibiendo una bofetada tras otra. Parece que a los aficionados nos ha mirado un tuerto (con mis respetos para los tuertos). La primera bofetada ha sido la puntilla definitiva a la Feria del Toro que se ven\u00eda [&hellip;]\" \/>\n<meta property=\"og:url\" content=\"https:\/\/www.ignaciosanchezmejias.es\/index.php\/2011\/02\/04\/alguna-buena-noticia\/\" \/>\n<meta property=\"og:site_name\" content=\"Sitio web de Ignacio S\u00e1nchez-Mej\u00edas Herrero\" \/>\n<meta property=\"article:published_time\" content=\"2011-02-04T19:38:53+00:00\" \/>\n<meta property=\"article:modified_time\" content=\"2025-06-04T11:03:55+00:00\" \/>\n<meta property=\"og:image\" content=\"https:\/\/www.ignaciosanchezmejias.es\/wp-content\/uploads\/2011\/02\/Plaza-de-Tanger.jpg\" \/>\n\t<meta property=\"og:image:width\" content=\"300\" \/>\n\t<meta property=\"og:image:height\" content=\"174\" \/>\n\t<meta property=\"og:image:type\" content=\"image\/jpeg\" \/>\n<meta name=\"author\" content=\"isanchezmejias\" \/>\n<meta name=\"twitter:card\" content=\"summary_large_image\" \/>\n<meta name=\"twitter:label1\" content=\"Escrito por\" \/>\n\t<meta name=\"twitter:data1\" content=\"isanchezmejias\" \/>\n\t<meta name=\"twitter:label2\" content=\"Tiempo de lectura\" \/>\n\t<meta name=\"twitter:data2\" content=\"3 minutos\" \/>\n<script type=\"application\/ld+json\" class=\"yoast-schema-graph\">{\"@context\":\"https:\\\/\\\/schema.org\",\"@graph\":[{\"@type\":\"Article\",\"@id\":\"https:\\\/\\\/www.ignaciosanchezmejias.es\\\/index.php\\\/2011\\\/02\\\/04\\\/alguna-buena-noticia\\\/#article\",\"isPartOf\":{\"@id\":\"https:\\\/\\\/www.ignaciosanchezmejias.es\\\/index.php\\\/2011\\\/02\\\/04\\\/alguna-buena-noticia\\\/\"},\"author\":{\"name\":\"isanchezmejias\",\"@id\":\"https:\\\/\\\/www.ignaciosanchezmejias.es\\\/#\\\/schema\\\/person\\\/494d20bda3404108c02016d5e608fc65\"},\"headline\":\"\u00bfAlguna buena noticia?\",\"datePublished\":\"2011-02-04T19:38:53+00:00\",\"dateModified\":\"2025-06-04T11:03:55+00:00\",\"mainEntityOfPage\":{\"@id\":\"https:\\\/\\\/www.ignaciosanchezmejias.es\\\/index.php\\\/2011\\\/02\\\/04\\\/alguna-buena-noticia\\\/\"},\"wordCount\":477,\"commentCount\":9,\"publisher\":{\"@id\":\"https:\\\/\\\/www.ignaciosanchezmejias.es\\\/#\\\/schema\\\/person\\\/494d20bda3404108c02016d5e608fc65\"},\"image\":{\"@id\":\"https:\\\/\\\/www.ignaciosanchezmejias.es\\\/index.php\\\/2011\\\/02\\\/04\\\/alguna-buena-noticia\\\/#primaryimage\"},\"thumbnailUrl\":\"https:\\\/\\\/www.ignaciosanchezmejias.es\\\/wp-content\\\/uploads\\\/2011\\\/02\\\/Plaza-de-Tanger.jpg\",\"keywords\":[\"Feria del Toro\"],\"articleSection\":[\"General\"],\"inLanguage\":\"es\",\"potentialAction\":[{\"@type\":\"CommentAction\",\"name\":\"Comment\",\"target\":[\"https:\\\/\\\/www.ignaciosanchezmejias.es\\\/index.php\\\/2011\\\/02\\\/04\\\/alguna-buena-noticia\\\/#respond\"]}]},{\"@type\":\"WebPage\",\"@id\":\"https:\\\/\\\/www.ignaciosanchezmejias.es\\\/index.php\\\/2011\\\/02\\\/04\\\/alguna-buena-noticia\\\/\",\"url\":\"https:\\\/\\\/www.ignaciosanchezmejias.es\\\/index.php\\\/2011\\\/02\\\/04\\\/alguna-buena-noticia\\\/\",\"name\":\"\u00bfAlguna buena noticia? - Sitio web de Ignacio S\u00e1nchez-Mej\u00edas Herrero\",\"isPartOf\":{\"@id\":\"https:\\\/\\\/www.ignaciosanchezmejias.es\\\/#website\"},\"primaryImageOfPage\":{\"@id\":\"https:\\\/\\\/www.ignaciosanchezmejias.es\\\/index.php\\\/2011\\\/02\\\/04\\\/alguna-buena-noticia\\\/#primaryimage\"},\"image\":{\"@id\":\"https:\\\/\\\/www.ignaciosanchezmejias.es\\\/index.php\\\/2011\\\/02\\\/04\\\/alguna-buena-noticia\\\/#primaryimage\"},\"thumbnailUrl\":\"https:\\\/\\\/www.ignaciosanchezmejias.es\\\/wp-content\\\/uploads\\\/2011\\\/02\\\/Plaza-de-Tanger.jpg\",\"datePublished\":\"2011-02-04T19:38:53+00:00\",\"dateModified\":\"2025-06-04T11:03:55+00:00\",\"breadcrumb\":{\"@id\":\"https:\\\/\\\/www.ignaciosanchezmejias.es\\\/index.php\\\/2011\\\/02\\\/04\\\/alguna-buena-noticia\\\/#breadcrumb\"},\"inLanguage\":\"es\",\"potentialAction\":[{\"@type\":\"ReadAction\",\"target\":[\"https:\\\/\\\/www.ignaciosanchezmejias.es\\\/index.php\\\/2011\\\/02\\\/04\\\/alguna-buena-noticia\\\/\"]}]},{\"@type\":\"ImageObject\",\"inLanguage\":\"es\",\"@id\":\"https:\\\/\\\/www.ignaciosanchezmejias.es\\\/index.php\\\/2011\\\/02\\\/04\\\/alguna-buena-noticia\\\/#primaryimage\",\"url\":\"https:\\\/\\\/www.ignaciosanchezmejias.es\\\/wp-content\\\/uploads\\\/2011\\\/02\\\/Plaza-de-Tanger.jpg\",\"contentUrl\":\"https:\\\/\\\/www.ignaciosanchezmejias.es\\\/wp-content\\\/uploads\\\/2011\\\/02\\\/Plaza-de-Tanger.jpg\",\"width\":300,\"height\":174,\"caption\":\"Plaza de T\u00e1nger. Foto burladero.com\"},{\"@type\":\"BreadcrumbList\",\"@id\":\"https:\\\/\\\/www.ignaciosanchezmejias.es\\\/index.php\\\/2011\\\/02\\\/04\\\/alguna-buena-noticia\\\/#breadcrumb\",\"itemListElement\":[{\"@type\":\"ListItem\",\"position\":1,\"name\":\"Portada\",\"item\":\"https:\\\/\\\/www.ignaciosanchezmejias.es\\\/\"},{\"@type\":\"ListItem\",\"position\":2,\"name\":\"\u00bfAlguna buena noticia?\"}]},{\"@type\":\"WebSite\",\"@id\":\"https:\\\/\\\/www.ignaciosanchezmejias.es\\\/#website\",\"url\":\"https:\\\/\\\/www.ignaciosanchezmejias.es\\\/\",\"name\":\"Blog de Ignacio S\u00e1nchez-Mej\u00edas\",\"description\":\"Sitio personal ISM\",\"publisher\":{\"@id\":\"https:\\\/\\\/www.ignaciosanchezmejias.es\\\/#\\\/schema\\\/person\\\/494d20bda3404108c02016d5e608fc65\"},\"potentialAction\":[{\"@type\":\"SearchAction\",\"target\":{\"@type\":\"EntryPoint\",\"urlTemplate\":\"https:\\\/\\\/www.ignaciosanchezmejias.es\\\/?s={search_term_string}\"},\"query-input\":{\"@type\":\"PropertyValueSpecification\",\"valueRequired\":true,\"valueName\":\"search_term_string\"}}],\"inLanguage\":\"es\"},{\"@type\":[\"Person\",\"Organization\"],\"@id\":\"https:\\\/\\\/www.ignaciosanchezmejias.es\\\/#\\\/schema\\\/person\\\/494d20bda3404108c02016d5e608fc65\",\"name\":\"isanchezmejias\",\"image\":{\"@type\":\"ImageObject\",\"inLanguage\":\"es\",\"@id\":\"https:\\\/\\\/www.ignaciosanchezmejias.es\\\/wp-content\\\/uploads\\\/2020\\\/06\\\/cropped-Yo-antes.jpg\",\"url\":\"https:\\\/\\\/www.ignaciosanchezmejias.es\\\/wp-content\\\/uploads\\\/2020\\\/06\\\/cropped-Yo-antes.jpg\",\"contentUrl\":\"https:\\\/\\\/www.ignaciosanchezmejias.es\\\/wp-content\\\/uploads\\\/2020\\\/06\\\/cropped-Yo-antes.jpg\",\"width\":681,\"height\":482,\"caption\":\"isanchezmejias\"},\"logo\":{\"@id\":\"https:\\\/\\\/www.ignaciosanchezmejias.es\\\/wp-content\\\/uploads\\\/2020\\\/06\\\/cropped-Yo-antes.jpg\"},\"sameAs\":[\"https:\\\/\\\/www.ignaciosanchezmejias.es\"],\"url\":\"https:\\\/\\\/www.ignaciosanchezmejias.es\\\/index.php\\\/author\\\/isanchezmejias\\\/\"}]}<\/script>\n<!-- \/ Yoast SEO plugin. -->","yoast_head_json":{"title":"\u00bfAlguna buena noticia? - Sitio web de Ignacio S\u00e1nchez-Mej\u00edas Herrero","robots":{"index":"index","follow":"follow","max-snippet":"max-snippet:-1","max-image-preview":"max-image-preview:large","max-video-preview":"max-video-preview:-1"},"canonical":"https:\/\/www.ignaciosanchezmejias.es\/index.php\/2011\/02\/04\/alguna-buena-noticia\/","og_locale":"es_ES","og_type":"article","og_title":"\u00bfAlguna buena noticia? - Sitio web de Ignacio S\u00e1nchez-Mej\u00edas Herrero","og_description":"En esta \u00e9poca previa al inicio de la temporada, siempre estamos expectantes de noticias taurinas. Este a\u00f1o estamos recibiendo una bofetada tras otra. Parece que a los aficionados nos ha mirado un tuerto (con mis respetos para los tuertos). La primera bofetada ha sido la puntilla definitiva a la Feria del Toro que se ven\u00eda [&hellip;]","og_url":"https:\/\/www.ignaciosanchezmejias.es\/index.php\/2011\/02\/04\/alguna-buena-noticia\/","og_site_name":"Sitio web de Ignacio S\u00e1nchez-Mej\u00edas Herrero","article_published_time":"2011-02-04T19:38:53+00:00","article_modified_time":"2025-06-04T11:03:55+00:00","og_image":[{"width":300,"height":174,"url":"https:\/\/www.ignaciosanchezmejias.es\/wp-content\/uploads\/2011\/02\/Plaza-de-Tanger.jpg","type":"image\/jpeg"}],"author":"isanchezmejias","twitter_card":"summary_large_image","twitter_misc":{"Escrito por":"isanchezmejias","Tiempo de lectura":"3 minutos"},"schema":{"@context":"https:\/\/schema.org","@graph":[{"@type":"Article","@id":"https:\/\/www.ignaciosanchezmejias.es\/index.php\/2011\/02\/04\/alguna-buena-noticia\/#article","isPartOf":{"@id":"https:\/\/www.ignaciosanchezmejias.es\/index.php\/2011\/02\/04\/alguna-buena-noticia\/"},"author":{"name":"isanchezmejias","@id":"https:\/\/www.ignaciosanchezmejias.es\/#\/schema\/person\/494d20bda3404108c02016d5e608fc65"},"headline":"\u00bfAlguna buena noticia?","datePublished":"2011-02-04T19:38:53+00:00","dateModified":"2025-06-04T11:03:55+00:00","mainEntityOfPage":{"@id":"https:\/\/www.ignaciosanchezmejias.es\/index.php\/2011\/02\/04\/alguna-buena-noticia\/"},"wordCount":477,"commentCount":9,"publisher":{"@id":"https:\/\/www.ignaciosanchezmejias.es\/#\/schema\/person\/494d20bda3404108c02016d5e608fc65"},"image":{"@id":"https:\/\/www.ignaciosanchezmejias.es\/index.php\/2011\/02\/04\/alguna-buena-noticia\/#primaryimage"},"thumbnailUrl":"https:\/\/www.ignaciosanchezmejias.es\/wp-content\/uploads\/2011\/02\/Plaza-de-Tanger.jpg","keywords":["Feria del Toro"],"articleSection":["General"],"inLanguage":"es","potentialAction":[{"@type":"CommentAction","name":"Comment","target":["https:\/\/www.ignaciosanchezmejias.es\/index.php\/2011\/02\/04\/alguna-buena-noticia\/#respond"]}]},{"@type":"WebPage","@id":"https:\/\/www.ignaciosanchezmejias.es\/index.php\/2011\/02\/04\/alguna-buena-noticia\/","url":"https:\/\/www.ignaciosanchezmejias.es\/index.php\/2011\/02\/04\/alguna-buena-noticia\/","name":"\u00bfAlguna buena noticia? - Sitio web de Ignacio S\u00e1nchez-Mej\u00edas Herrero","isPartOf":{"@id":"https:\/\/www.ignaciosanchezmejias.es\/#website"},"primaryImageOfPage":{"@id":"https:\/\/www.ignaciosanchezmejias.es\/index.php\/2011\/02\/04\/alguna-buena-noticia\/#primaryimage"},"image":{"@id":"https:\/\/www.ignaciosanchezmejias.es\/index.php\/2011\/02\/04\/alguna-buena-noticia\/#primaryimage"},"thumbnailUrl":"https:\/\/www.ignaciosanchezmejias.es\/wp-content\/uploads\/2011\/02\/Plaza-de-Tanger.jpg","datePublished":"2011-02-04T19:38:53+00:00","dateModified":"2025-06-04T11:03:55+00:00","breadcrumb":{"@id":"https:\/\/www.ignaciosanchezmejias.es\/index.php\/2011\/02\/04\/alguna-buena-noticia\/#breadcrumb"},"inLanguage":"es","potentialAction":[{"@type":"ReadAction","target":["https:\/\/www.ignaciosanchezmejias.es\/index.php\/2011\/02\/04\/alguna-buena-noticia\/"]}]},{"@type":"ImageObject","inLanguage":"es","@id":"https:\/\/www.ignaciosanchezmejias.es\/index.php\/2011\/02\/04\/alguna-buena-noticia\/#primaryimage","url":"https:\/\/www.ignaciosanchezmejias.es\/wp-content\/uploads\/2011\/02\/Plaza-de-Tanger.jpg","contentUrl":"https:\/\/www.ignaciosanchezmejias.es\/wp-content\/uploads\/2011\/02\/Plaza-de-Tanger.jpg","width":300,"height":174,"caption":"Plaza de T\u00e1nger. Foto burladero.com"},{"@type":"BreadcrumbList","@id":"https:\/\/www.ignaciosanchezmejias.es\/index.php\/2011\/02\/04\/alguna-buena-noticia\/#breadcrumb","itemListElement":[{"@type":"ListItem","position":1,"name":"Portada","item":"https:\/\/www.ignaciosanchezmejias.es\/"},{"@type":"ListItem","position":2,"name":"\u00bfAlguna buena noticia?"}]},{"@type":"WebSite","@id":"https:\/\/www.ignaciosanchezmejias.es\/#website","url":"https:\/\/www.ignaciosanchezmejias.es\/","name":"Blog de Ignacio S\u00e1nchez-Mej\u00edas","description":"Sitio personal ISM","publisher":{"@id":"https:\/\/www.ignaciosanchezmejias.es\/#\/schema\/person\/494d20bda3404108c02016d5e608fc65"},"potentialAction":[{"@type":"SearchAction","target":{"@type":"EntryPoint","urlTemplate":"https:\/\/www.ignaciosanchezmejias.es\/?s={search_term_string}"},"query-input":{"@type":"PropertyValueSpecification","valueRequired":true,"valueName":"search_term_string"}}],"inLanguage":"es"},{"@type":["Person","Organization"],"@id":"https:\/\/www.ignaciosanchezmejias.es\/#\/schema\/person\/494d20bda3404108c02016d5e608fc65","name":"isanchezmejias","image":{"@type":"ImageObject","inLanguage":"es","@id":"https:\/\/www.ignaciosanchezmejias.es\/wp-content\/uploads\/2020\/06\/cropped-Yo-antes.jpg","url":"https:\/\/www.ignaciosanchezmejias.es\/wp-content\/uploads\/2020\/06\/cropped-Yo-antes.jpg","contentUrl":"https:\/\/www.ignaciosanchezmejias.es\/wp-content\/uploads\/2020\/06\/cropped-Yo-antes.jpg","width":681,"height":482,"caption":"isanchezmejias"},"logo":{"@id":"https:\/\/www.ignaciosanchezmejias.es\/wp-content\/uploads\/2020\/06\/cropped-Yo-antes.jpg"},"sameAs":["https:\/\/www.ignaciosanchezmejias.es"],"url":"https:\/\/www.ignaciosanchezmejias.es\/index.php\/author\/isanchezmejias\/"}]}},"_links":{"self":[{"href":"https:\/\/www.ignaciosanchezmejias.es\/index.php\/wp-json\/wp\/v2\/posts\/1867","targetHints":{"allow":["GET"]}}],"collection":[{"href":"https:\/\/www.ignaciosanchezmejias.es\/index.php\/wp-json\/wp\/v2\/posts"}],"about":[{"href":"https:\/\/www.ignaciosanchezmejias.es\/index.php\/wp-json\/wp\/v2\/types\/post"}],"author":[{"embeddable":true,"href":"https:\/\/www.ignaciosanchezmejias.es\/index.php\/wp-json\/wp\/v2\/users\/1"}],"replies":[{"embeddable":true,"href":"https:\/\/www.ignaciosanchezmejias.es\/index.php\/wp-json\/wp\/v2\/comments?post=1867"}],"version-history":[{"count":1,"href":"https:\/\/www.ignaciosanchezmejias.es\/index.php\/wp-json\/wp\/v2\/posts\/1867\/revisions"}],"predecessor-version":[{"id":4950,"href":"https:\/\/www.ignaciosanchezmejias.es\/index.php\/wp-json\/wp\/v2\/posts\/1867\/revisions\/4950"}],"wp:featuredmedia":[{"embeddable":true,"href":"https:\/\/www.ignaciosanchezmejias.es\/index.php\/wp-json\/wp\/v2\/media\/4949"}],"wp:attachment":[{"href":"https:\/\/www.ignaciosanchezmejias.es\/index.php\/wp-json\/wp\/v2\/media?parent=1867"}],"wp:term":[{"taxonomy":"category","embeddable":true,"href":"https:\/\/www.ignaciosanchezmejias.es\/index.php\/wp-json\/wp\/v2\/categories?post=1867"},{"taxonomy":"post_tag","embeddable":true,"href":"https:\/\/www.ignaciosanchezmejias.es\/index.php\/wp-json\/wp\/v2\/tags?post=1867"}],"curies":[{"name":"wp","href":"https:\/\/api.w.org\/{rel}","templated":true}]}}