{"id":1631,"date":"2010-09-07T11:55:45","date_gmt":"2010-09-07T10:55:45","guid":{"rendered":"http:\/\/blogs.sevilla.abc.es\/desdeeltendido2\/?p=1631"},"modified":"2021-01-15T10:55:24","modified_gmt":"2021-01-15T10:55:24","slug":"otro-mano-a-mano","status":"publish","type":"post","link":"https:\/\/www.ignaciosanchezmejias.es\/index.php\/2010\/09\/07\/otro-mano-a-mano\/","title":{"rendered":"Otro mano a mano"},"content":{"rendered":"\n<p>Hace varios a\u00f1os que la Empresa de Sevilla la da a la Feria de San Miguel la categor\u00eda que merece.<\/p>\n\n\n\n<p>Anteriormente se compon\u00eda sin mucho aliciente y no era raro que los diestros se \u201ccayeran del cartel\u201d a la menor oportunidad. Recuerdo haber ido a devolver las entradas de los dos festejos por el cambio de cinco de los seis diestros anunciados. La Empresa puso un a\u00f1o pie en pared y dijo que algunos matadores iban a tener que venir arrastr\u00e1ndose para que los contratara en la Feria de Abril siguiente. Curro Romero anunci\u00f3 su retirada alegando que \u00e9l no era una caja de sardinas para andar arrastr\u00e1ndose.<\/p>\n\n\n\n<p>Como dec\u00eda, hace varios a\u00f1os que los carteles son atractivos a priori, con la dificultad de montar en febrero las corridas de finales de septiembre. Quiso el destino que este a\u00f1o se juntaran en un cartel los tres diestros que no estuvieron bien en la Feria de Abril: El Cid, Perera y Luque, y en el otro los tres triunfadores: Morante, El Juli y Manzanares. Desgraciadamente tenemos la baja de Perera, <a href=\"http:\/\/sevilla.abc.es\/20100907\/toros\/perera-operado-exito-espera-20100907.html\">operado con \u00e9xito<\/a> del aplastamiento de v\u00e9rtebra, y la Empresa, que a final de temporada tiene varias opciones con diestros que han triunfado en algunas plazas y que podr\u00edan tener su inter\u00e9s, opta por no sustituirlo y hacer de la corrida&nbsp;un artificial mano a mano entre El Cid y Luque. No s\u00e9 qu\u00e9 rivalidad puede haber entre estos matadores y me parece un contrasentido.<\/p>\n\n\n\n<p>Podr\u00eda haber optado por Oliva Soto, que tan bien estuvo con la de del Conde de la Maza y que ha tenido pocas oportunidades de torear en otras plazas. Con este torero se habr\u00edan abierto las posibilidades. Pero no, ha optado por otro mano a mano sin sentido. No qued\u00f3 escarmentada con el petardo del mano a mano en la Feria de Abril, de este mismo Luque.<\/p>\n\n\n\n<p>Para el otro cartel, en mi opini\u00f3n el mejor que se puede montar esta temporada: Morante, El Juli y Manzanares, el problema son los toros contratados: Zalduendo, que est\u00e1n muy mal esta temporada. Veremos.<\/p>\n","protected":false},"excerpt":{"rendered":"<p>Hace varios a\u00f1os que la Empresa de Sevilla la da a la Feria de San Miguel la categor\u00eda que merece. Anteriormente se compon\u00eda sin mucho aliciente y no era raro que los diestros se \u201ccayeran del cartel\u201d a la menor oportunidad. Recuerdo haber ido a devolver las entradas de los dos festejos por el cambio [&hellip;]<\/p>\n","protected":false},"author":1,"featured_media":4862,"comment_status":"open","ping_status":"open","sticky":false,"template":"","format":"standard","meta":{"footnotes":""},"categories":[5],"tags":[97,32,25,329,29,313,81],"class_list":["post-1631","post","type-post","status-publish","format-standard","has-post-thumbnail","hentry","category-general","tag-daniel-luque","tag-el-cid","tag-el-juli","tag-jose-m-manzanares","tag-morante-de-la-puebla","tag-oliva-soto","tag-zalduendo"],"yoast_head":"<!-- This site is optimized with the Yoast SEO plugin v27.4 - https:\/\/yoast.com\/product\/yoast-seo-wordpress\/ -->\n<title>Otro mano a mano - Sitio web de Ignacio S\u00e1nchez-Mej\u00edas Herrero<\/title>\n<meta name=\"robots\" content=\"index, follow, max-snippet:-1, max-image-preview:large, max-video-preview:-1\" \/>\n<link rel=\"canonical\" href=\"https:\/\/www.ignaciosanchezmejias.es\/index.php\/2010\/09\/07\/otro-mano-a-mano\/\" \/>\n<meta property=\"og:locale\" content=\"es_ES\" \/>\n<meta property=\"og:type\" content=\"article\" \/>\n<meta property=\"og:title\" content=\"Otro mano a mano - Sitio web de Ignacio S\u00e1nchez-Mej\u00edas Herrero\" \/>\n<meta property=\"og:description\" content=\"Hace varios a\u00f1os que la Empresa de Sevilla la da a la Feria de San Miguel la categor\u00eda que merece. Anteriormente se compon\u00eda sin mucho aliciente y no era raro que los diestros se \u201ccayeran del cartel\u201d a la menor oportunidad. Recuerdo haber ido a devolver las entradas de los dos festejos por el cambio [&hellip;]\" \/>\n<meta property=\"og:url\" content=\"https:\/\/www.ignaciosanchezmejias.es\/index.php\/2010\/09\/07\/otro-mano-a-mano\/\" \/>\n<meta property=\"og:site_name\" content=\"Sitio web de Ignacio S\u00e1nchez-Mej\u00edas Herrero\" \/>\n<meta property=\"article:published_time\" content=\"2010-09-07T10:55:45+00:00\" \/>\n<meta property=\"article:modified_time\" content=\"2021-01-15T10:55:24+00:00\" \/>\n<meta property=\"og:image\" content=\"https:\/\/www.ignaciosanchezmejias.es\/wp-content\/uploads\/2010\/09\/perera-sagrado-corazon.jpg\" \/>\n\t<meta property=\"og:image:width\" content=\"644\" \/>\n\t<meta property=\"og:image:height\" content=\"641\" \/>\n\t<meta property=\"og:image:type\" content=\"image\/jpeg\" \/>\n<meta name=\"author\" content=\"isanchezmejias\" \/>\n<meta name=\"twitter:card\" content=\"summary_large_image\" \/>\n<meta name=\"twitter:label1\" content=\"Escrito por\" \/>\n\t<meta name=\"twitter:data1\" content=\"isanchezmejias\" \/>\n\t<meta name=\"twitter:label2\" content=\"Tiempo de lectura\" \/>\n\t<meta name=\"twitter:data2\" content=\"2 minutos\" \/>\n<script type=\"application\/ld+json\" class=\"yoast-schema-graph\">{\"@context\":\"https:\\\/\\\/schema.org\",\"@graph\":[{\"@type\":\"Article\",\"@id\":\"https:\\\/\\\/www.ignaciosanchezmejias.es\\\/index.php\\\/2010\\\/09\\\/07\\\/otro-mano-a-mano\\\/#article\",\"isPartOf\":{\"@id\":\"https:\\\/\\\/www.ignaciosanchezmejias.es\\\/index.php\\\/2010\\\/09\\\/07\\\/otro-mano-a-mano\\\/\"},\"author\":{\"name\":\"isanchezmejias\",\"@id\":\"https:\\\/\\\/www.ignaciosanchezmejias.es\\\/#\\\/schema\\\/person\\\/494d20bda3404108c02016d5e608fc65\"},\"headline\":\"Otro mano a mano\",\"datePublished\":\"2010-09-07T10:55:45+00:00\",\"dateModified\":\"2021-01-15T10:55:24+00:00\",\"mainEntityOfPage\":{\"@id\":\"https:\\\/\\\/www.ignaciosanchezmejias.es\\\/index.php\\\/2010\\\/09\\\/07\\\/otro-mano-a-mano\\\/\"},\"wordCount\":366,\"commentCount\":14,\"publisher\":{\"@id\":\"https:\\\/\\\/www.ignaciosanchezmejias.es\\\/#\\\/schema\\\/person\\\/494d20bda3404108c02016d5e608fc65\"},\"image\":{\"@id\":\"https:\\\/\\\/www.ignaciosanchezmejias.es\\\/index.php\\\/2010\\\/09\\\/07\\\/otro-mano-a-mano\\\/#primaryimage\"},\"thumbnailUrl\":\"https:\\\/\\\/www.ignaciosanchezmejias.es\\\/wp-content\\\/uploads\\\/2010\\\/09\\\/perera-sagrado-corazon.jpg\",\"keywords\":[\"Daniel Luque\",\"El Cid\",\"El Juli\",\"Jos\u00e9 M\u00aa Manzanares\",\"Morante de la Puebla\",\"Oliva Soto\",\"Zalduendo\"],\"articleSection\":[\"General\"],\"inLanguage\":\"es\",\"potentialAction\":[{\"@type\":\"CommentAction\",\"name\":\"Comment\",\"target\":[\"https:\\\/\\\/www.ignaciosanchezmejias.es\\\/index.php\\\/2010\\\/09\\\/07\\\/otro-mano-a-mano\\\/#respond\"]}]},{\"@type\":\"WebPage\",\"@id\":\"https:\\\/\\\/www.ignaciosanchezmejias.es\\\/index.php\\\/2010\\\/09\\\/07\\\/otro-mano-a-mano\\\/\",\"url\":\"https:\\\/\\\/www.ignaciosanchezmejias.es\\\/index.php\\\/2010\\\/09\\\/07\\\/otro-mano-a-mano\\\/\",\"name\":\"Otro mano a mano - Sitio web de Ignacio S\u00e1nchez-Mej\u00edas Herrero\",\"isPartOf\":{\"@id\":\"https:\\\/\\\/www.ignaciosanchezmejias.es\\\/#website\"},\"primaryImageOfPage\":{\"@id\":\"https:\\\/\\\/www.ignaciosanchezmejias.es\\\/index.php\\\/2010\\\/09\\\/07\\\/otro-mano-a-mano\\\/#primaryimage\"},\"image\":{\"@id\":\"https:\\\/\\\/www.ignaciosanchezmejias.es\\\/index.php\\\/2010\\\/09\\\/07\\\/otro-mano-a-mano\\\/#primaryimage\"},\"thumbnailUrl\":\"https:\\\/\\\/www.ignaciosanchezmejias.es\\\/wp-content\\\/uploads\\\/2010\\\/09\\\/perera-sagrado-corazon.jpg\",\"datePublished\":\"2010-09-07T10:55:45+00:00\",\"dateModified\":\"2021-01-15T10:55:24+00:00\",\"breadcrumb\":{\"@id\":\"https:\\\/\\\/www.ignaciosanchezmejias.es\\\/index.php\\\/2010\\\/09\\\/07\\\/otro-mano-a-mano\\\/#breadcrumb\"},\"inLanguage\":\"es\",\"potentialAction\":[{\"@type\":\"ReadAction\",\"target\":[\"https:\\\/\\\/www.ignaciosanchezmejias.es\\\/index.php\\\/2010\\\/09\\\/07\\\/otro-mano-a-mano\\\/\"]}]},{\"@type\":\"ImageObject\",\"inLanguage\":\"es\",\"@id\":\"https:\\\/\\\/www.ignaciosanchezmejias.es\\\/index.php\\\/2010\\\/09\\\/07\\\/otro-mano-a-mano\\\/#primaryimage\",\"url\":\"https:\\\/\\\/www.ignaciosanchezmejias.es\\\/wp-content\\\/uploads\\\/2010\\\/09\\\/perera-sagrado-corazon.jpg\",\"contentUrl\":\"https:\\\/\\\/www.ignaciosanchezmejias.es\\\/wp-content\\\/uploads\\\/2010\\\/09\\\/perera-sagrado-corazon.jpg\",\"width\":644,\"height\":641,\"caption\":\"Foto. Arjona\\\/Toromedia en abcdesevilla.es\"},{\"@type\":\"BreadcrumbList\",\"@id\":\"https:\\\/\\\/www.ignaciosanchezmejias.es\\\/index.php\\\/2010\\\/09\\\/07\\\/otro-mano-a-mano\\\/#breadcrumb\",\"itemListElement\":[{\"@type\":\"ListItem\",\"position\":1,\"name\":\"Portada\",\"item\":\"https:\\\/\\\/www.ignaciosanchezmejias.es\\\/\"},{\"@type\":\"ListItem\",\"position\":2,\"name\":\"Otro mano a mano\"}]},{\"@type\":\"WebSite\",\"@id\":\"https:\\\/\\\/www.ignaciosanchezmejias.es\\\/#website\",\"url\":\"https:\\\/\\\/www.ignaciosanchezmejias.es\\\/\",\"name\":\"Blog de Ignacio S\u00e1nchez-Mej\u00edas\",\"description\":\"Sitio personal ISM\",\"publisher\":{\"@id\":\"https:\\\/\\\/www.ignaciosanchezmejias.es\\\/#\\\/schema\\\/person\\\/494d20bda3404108c02016d5e608fc65\"},\"potentialAction\":[{\"@type\":\"SearchAction\",\"target\":{\"@type\":\"EntryPoint\",\"urlTemplate\":\"https:\\\/\\\/www.ignaciosanchezmejias.es\\\/?s={search_term_string}\"},\"query-input\":{\"@type\":\"PropertyValueSpecification\",\"valueRequired\":true,\"valueName\":\"search_term_string\"}}],\"inLanguage\":\"es\"},{\"@type\":[\"Person\",\"Organization\"],\"@id\":\"https:\\\/\\\/www.ignaciosanchezmejias.es\\\/#\\\/schema\\\/person\\\/494d20bda3404108c02016d5e608fc65\",\"name\":\"isanchezmejias\",\"image\":{\"@type\":\"ImageObject\",\"inLanguage\":\"es\",\"@id\":\"https:\\\/\\\/www.ignaciosanchezmejias.es\\\/wp-content\\\/uploads\\\/2020\\\/06\\\/cropped-Yo-antes.jpg\",\"url\":\"https:\\\/\\\/www.ignaciosanchezmejias.es\\\/wp-content\\\/uploads\\\/2020\\\/06\\\/cropped-Yo-antes.jpg\",\"contentUrl\":\"https:\\\/\\\/www.ignaciosanchezmejias.es\\\/wp-content\\\/uploads\\\/2020\\\/06\\\/cropped-Yo-antes.jpg\",\"width\":681,\"height\":482,\"caption\":\"isanchezmejias\"},\"logo\":{\"@id\":\"https:\\\/\\\/www.ignaciosanchezmejias.es\\\/wp-content\\\/uploads\\\/2020\\\/06\\\/cropped-Yo-antes.jpg\"},\"sameAs\":[\"https:\\\/\\\/www.ignaciosanchezmejias.es\"],\"url\":\"https:\\\/\\\/www.ignaciosanchezmejias.es\\\/index.php\\\/author\\\/isanchezmejias\\\/\"}]}<\/script>\n<!-- \/ Yoast SEO plugin. -->","yoast_head_json":{"title":"Otro mano a mano - Sitio web de Ignacio S\u00e1nchez-Mej\u00edas Herrero","robots":{"index":"index","follow":"follow","max-snippet":"max-snippet:-1","max-image-preview":"max-image-preview:large","max-video-preview":"max-video-preview:-1"},"canonical":"https:\/\/www.ignaciosanchezmejias.es\/index.php\/2010\/09\/07\/otro-mano-a-mano\/","og_locale":"es_ES","og_type":"article","og_title":"Otro mano a mano - Sitio web de Ignacio S\u00e1nchez-Mej\u00edas Herrero","og_description":"Hace varios a\u00f1os que la Empresa de Sevilla la da a la Feria de San Miguel la categor\u00eda que merece. Anteriormente se compon\u00eda sin mucho aliciente y no era raro que los diestros se \u201ccayeran del cartel\u201d a la menor oportunidad. Recuerdo haber ido a devolver las entradas de los dos festejos por el cambio [&hellip;]","og_url":"https:\/\/www.ignaciosanchezmejias.es\/index.php\/2010\/09\/07\/otro-mano-a-mano\/","og_site_name":"Sitio web de Ignacio S\u00e1nchez-Mej\u00edas Herrero","article_published_time":"2010-09-07T10:55:45+00:00","article_modified_time":"2021-01-15T10:55:24+00:00","og_image":[{"width":644,"height":641,"url":"https:\/\/www.ignaciosanchezmejias.es\/wp-content\/uploads\/2010\/09\/perera-sagrado-corazon.jpg","type":"image\/jpeg"}],"author":"isanchezmejias","twitter_card":"summary_large_image","twitter_misc":{"Escrito por":"isanchezmejias","Tiempo de lectura":"2 minutos"},"schema":{"@context":"https:\/\/schema.org","@graph":[{"@type":"Article","@id":"https:\/\/www.ignaciosanchezmejias.es\/index.php\/2010\/09\/07\/otro-mano-a-mano\/#article","isPartOf":{"@id":"https:\/\/www.ignaciosanchezmejias.es\/index.php\/2010\/09\/07\/otro-mano-a-mano\/"},"author":{"name":"isanchezmejias","@id":"https:\/\/www.ignaciosanchezmejias.es\/#\/schema\/person\/494d20bda3404108c02016d5e608fc65"},"headline":"Otro mano a mano","datePublished":"2010-09-07T10:55:45+00:00","dateModified":"2021-01-15T10:55:24+00:00","mainEntityOfPage":{"@id":"https:\/\/www.ignaciosanchezmejias.es\/index.php\/2010\/09\/07\/otro-mano-a-mano\/"},"wordCount":366,"commentCount":14,"publisher":{"@id":"https:\/\/www.ignaciosanchezmejias.es\/#\/schema\/person\/494d20bda3404108c02016d5e608fc65"},"image":{"@id":"https:\/\/www.ignaciosanchezmejias.es\/index.php\/2010\/09\/07\/otro-mano-a-mano\/#primaryimage"},"thumbnailUrl":"https:\/\/www.ignaciosanchezmejias.es\/wp-content\/uploads\/2010\/09\/perera-sagrado-corazon.jpg","keywords":["Daniel Luque","El Cid","El Juli","Jos\u00e9 M\u00aa Manzanares","Morante de la Puebla","Oliva Soto","Zalduendo"],"articleSection":["General"],"inLanguage":"es","potentialAction":[{"@type":"CommentAction","name":"Comment","target":["https:\/\/www.ignaciosanchezmejias.es\/index.php\/2010\/09\/07\/otro-mano-a-mano\/#respond"]}]},{"@type":"WebPage","@id":"https:\/\/www.ignaciosanchezmejias.es\/index.php\/2010\/09\/07\/otro-mano-a-mano\/","url":"https:\/\/www.ignaciosanchezmejias.es\/index.php\/2010\/09\/07\/otro-mano-a-mano\/","name":"Otro mano a mano - Sitio web de Ignacio S\u00e1nchez-Mej\u00edas Herrero","isPartOf":{"@id":"https:\/\/www.ignaciosanchezmejias.es\/#website"},"primaryImageOfPage":{"@id":"https:\/\/www.ignaciosanchezmejias.es\/index.php\/2010\/09\/07\/otro-mano-a-mano\/#primaryimage"},"image":{"@id":"https:\/\/www.ignaciosanchezmejias.es\/index.php\/2010\/09\/07\/otro-mano-a-mano\/#primaryimage"},"thumbnailUrl":"https:\/\/www.ignaciosanchezmejias.es\/wp-content\/uploads\/2010\/09\/perera-sagrado-corazon.jpg","datePublished":"2010-09-07T10:55:45+00:00","dateModified":"2021-01-15T10:55:24+00:00","breadcrumb":{"@id":"https:\/\/www.ignaciosanchezmejias.es\/index.php\/2010\/09\/07\/otro-mano-a-mano\/#breadcrumb"},"inLanguage":"es","potentialAction":[{"@type":"ReadAction","target":["https:\/\/www.ignaciosanchezmejias.es\/index.php\/2010\/09\/07\/otro-mano-a-mano\/"]}]},{"@type":"ImageObject","inLanguage":"es","@id":"https:\/\/www.ignaciosanchezmejias.es\/index.php\/2010\/09\/07\/otro-mano-a-mano\/#primaryimage","url":"https:\/\/www.ignaciosanchezmejias.es\/wp-content\/uploads\/2010\/09\/perera-sagrado-corazon.jpg","contentUrl":"https:\/\/www.ignaciosanchezmejias.es\/wp-content\/uploads\/2010\/09\/perera-sagrado-corazon.jpg","width":644,"height":641,"caption":"Foto. Arjona\/Toromedia en abcdesevilla.es"},{"@type":"BreadcrumbList","@id":"https:\/\/www.ignaciosanchezmejias.es\/index.php\/2010\/09\/07\/otro-mano-a-mano\/#breadcrumb","itemListElement":[{"@type":"ListItem","position":1,"name":"Portada","item":"https:\/\/www.ignaciosanchezmejias.es\/"},{"@type":"ListItem","position":2,"name":"Otro mano a mano"}]},{"@type":"WebSite","@id":"https:\/\/www.ignaciosanchezmejias.es\/#website","url":"https:\/\/www.ignaciosanchezmejias.es\/","name":"Blog de Ignacio S\u00e1nchez-Mej\u00edas","description":"Sitio personal ISM","publisher":{"@id":"https:\/\/www.ignaciosanchezmejias.es\/#\/schema\/person\/494d20bda3404108c02016d5e608fc65"},"potentialAction":[{"@type":"SearchAction","target":{"@type":"EntryPoint","urlTemplate":"https:\/\/www.ignaciosanchezmejias.es\/?s={search_term_string}"},"query-input":{"@type":"PropertyValueSpecification","valueRequired":true,"valueName":"search_term_string"}}],"inLanguage":"es"},{"@type":["Person","Organization"],"@id":"https:\/\/www.ignaciosanchezmejias.es\/#\/schema\/person\/494d20bda3404108c02016d5e608fc65","name":"isanchezmejias","image":{"@type":"ImageObject","inLanguage":"es","@id":"https:\/\/www.ignaciosanchezmejias.es\/wp-content\/uploads\/2020\/06\/cropped-Yo-antes.jpg","url":"https:\/\/www.ignaciosanchezmejias.es\/wp-content\/uploads\/2020\/06\/cropped-Yo-antes.jpg","contentUrl":"https:\/\/www.ignaciosanchezmejias.es\/wp-content\/uploads\/2020\/06\/cropped-Yo-antes.jpg","width":681,"height":482,"caption":"isanchezmejias"},"logo":{"@id":"https:\/\/www.ignaciosanchezmejias.es\/wp-content\/uploads\/2020\/06\/cropped-Yo-antes.jpg"},"sameAs":["https:\/\/www.ignaciosanchezmejias.es"],"url":"https:\/\/www.ignaciosanchezmejias.es\/index.php\/author\/isanchezmejias\/"}]}},"_links":{"self":[{"href":"https:\/\/www.ignaciosanchezmejias.es\/index.php\/wp-json\/wp\/v2\/posts\/1631","targetHints":{"allow":["GET"]}}],"collection":[{"href":"https:\/\/www.ignaciosanchezmejias.es\/index.php\/wp-json\/wp\/v2\/posts"}],"about":[{"href":"https:\/\/www.ignaciosanchezmejias.es\/index.php\/wp-json\/wp\/v2\/types\/post"}],"author":[{"embeddable":true,"href":"https:\/\/www.ignaciosanchezmejias.es\/index.php\/wp-json\/wp\/v2\/users\/1"}],"replies":[{"embeddable":true,"href":"https:\/\/www.ignaciosanchezmejias.es\/index.php\/wp-json\/wp\/v2\/comments?post=1631"}],"version-history":[{"count":2,"href":"https:\/\/www.ignaciosanchezmejias.es\/index.php\/wp-json\/wp\/v2\/posts\/1631\/revisions"}],"predecessor-version":[{"id":4863,"href":"https:\/\/www.ignaciosanchezmejias.es\/index.php\/wp-json\/wp\/v2\/posts\/1631\/revisions\/4863"}],"wp:featuredmedia":[{"embeddable":true,"href":"https:\/\/www.ignaciosanchezmejias.es\/index.php\/wp-json\/wp\/v2\/media\/4862"}],"wp:attachment":[{"href":"https:\/\/www.ignaciosanchezmejias.es\/index.php\/wp-json\/wp\/v2\/media?parent=1631"}],"wp:term":[{"taxonomy":"category","embeddable":true,"href":"https:\/\/www.ignaciosanchezmejias.es\/index.php\/wp-json\/wp\/v2\/categories?post=1631"},{"taxonomy":"post_tag","embeddable":true,"href":"https:\/\/www.ignaciosanchezmejias.es\/index.php\/wp-json\/wp\/v2\/tags?post=1631"}],"curies":[{"name":"wp","href":"https:\/\/api.w.org\/{rel}","templated":true}]}}