{"id":1625,"date":"2010-08-31T18:10:13","date_gmt":"2010-08-31T17:10:13","guid":{"rendered":"http:\/\/blogs.sevilla.abc.es\/desdeeltendido2\/?p=1625"},"modified":"2021-01-15T10:42:20","modified_gmt":"2021-01-15T10:42:20","slug":"partes-facultativos","status":"publish","type":"post","link":"https:\/\/www.ignaciosanchezmejias.es\/index.php\/2010\/08\/31\/partes-facultativos\/","title":{"rendered":"Partes facultativos"},"content":{"rendered":"\n<p>Las cornadas son tributos que tienen que pagar los profesionales por ser h\u00e9roes y no personas corrientes como nosotros, los aficionados. Si no existiera un riesgo cierto, real y cotidiano, esto del Toro no tendr\u00eda sentido. Siempre que se produce un percance, sobre todo si es grave, recordamos el peligro de la Fiesta, lo sentimos profundamente y deseamos un pronto restablecimiento para el damnificado. Pero tenemos que darnos cuenta de que estos percances tienen que producirse, necesariamente, para que recordemos que este es el \u00fanico espect\u00e1culo en el que el artista se juega la vida, conscientemente, y que est\u00e1 demostrado que puede llegar a perderla.<\/p>\n\n\n\n<p>Los aficionados estamos acostumbrados a leer los partes facultativos con la neutralidad que da lo cotidiano. No s\u00e9 ustedes, pero tengo la percepci\u00f3n de que esta temporada est\u00e1 resultando especialmente dura en el capitulo de cornadas. Empezando por la grav\u00edsima de Jos\u00e9 Tom\u00e1s en Aguascalientes, de la que aun no se ha repuesto, con un punto y seguido con la espeluznante de Julio Aparicio en Las Ventas, por la tambi\u00e9n ha tenido que cortar finalmente la temporada, y que ha tenido su copia con la de Sergio Aguilar en Bilbao, y contando con la grav\u00edsima de Luis Mariscal en La Maestranza y la no menos dram\u00e1tica de Arturo Mac\u00edas en El Puerto, y tantas y tantas otras.<\/p>\n\n\n\n<p>Hace poco escribimos <a href=\"http:\/\/blogs.sevilla.abc.es\/desdeeltendido2\/2010\/08\/19\/sangre-de-plata\/\">un comentario <\/a>sobre las cogidas de los banderilleros, pero es que a los matadores tambi\u00e9n les est\u00e1n dando fuerte y a menudo esta temporada. Adem\u00e1s, tenemos las temidas lesiones \u00f3seas: Manzanares operado de hernia discal tras la Feria de Abril, Cayetano con la clav\u00edcula rota, y ahora Perera que ha tenido que cortar la temporada por la rotura de una v\u00e9rtebra, con la que ha toreado varias tardes, hasta que no ha podido m\u00e1s. Adem\u00e1s se le descubre un peligroso aplastamiento con el que pon\u00eda en serio peligro la m\u00e9dula espinal. L\u00f3pez Chaves, etc.<\/p>\n\n\n\n<p>A no ser que nos desmienta el amigo Juan Medina con los <a href=\"http:\/\/escalafon.blogspot.com\/\">estudios estad\u00edsticos de su blog<\/a>, y al que desde aqu\u00ed pedimos una estad\u00edstica de percances, creo que debemos de estar en una de las temporadas con m\u00e1s incidentes de los \u00faltimos a\u00f1os.<\/p>\n\n\n\n<p>Nuestros mejores deseos de pronto restablecimiento para todos los heridos.<\/p>\n","protected":false},"excerpt":{"rendered":"<p>Las cornadas son tributos que tienen que pagar los profesionales por ser h\u00e9roes y no personas corrientes como nosotros, los aficionados. Si no existiera un riesgo cierto, real y cotidiano, esto del Toro no tendr\u00eda sentido. Siempre que se produce un percance, sobre todo si es grave, recordamos el peligro de la Fiesta, lo sentimos [&hellip;]<\/p>\n","protected":false},"author":1,"featured_media":4840,"comment_status":"open","ping_status":"open","sticky":false,"template":"","format":"standard","meta":{"footnotes":""},"categories":[5],"tags":[325,46,329,19,118,14,341,328,136],"class_list":["post-1625","post","type-post","status-publish","format-standard","has-post-thumbnail","hentry","category-general","tag-arturo-macias","tag-cayetano","tag-jose-m-manzanares","tag-jose-tomas","tag-julio-aparicio","tag-lopez-chaves","tag-luis-mariscal","tag-miguel-a-perera","tag-sergio-aguilar"],"yoast_head":"<!-- This site is optimized with the Yoast SEO plugin v27.4 - https:\/\/yoast.com\/product\/yoast-seo-wordpress\/ -->\n<title>Partes facultativos - Sitio web de Ignacio S\u00e1nchez-Mej\u00edas Herrero<\/title>\n<meta name=\"robots\" content=\"index, follow, max-snippet:-1, max-image-preview:large, max-video-preview:-1\" \/>\n<link rel=\"canonical\" href=\"https:\/\/www.ignaciosanchezmejias.es\/index.php\/2010\/08\/31\/partes-facultativos\/\" \/>\n<meta property=\"og:locale\" content=\"es_ES\" \/>\n<meta property=\"og:type\" content=\"article\" \/>\n<meta property=\"og:title\" content=\"Partes facultativos - Sitio web de Ignacio S\u00e1nchez-Mej\u00edas Herrero\" \/>\n<meta property=\"og:description\" content=\"Las cornadas son tributos que tienen que pagar los profesionales por ser h\u00e9roes y no personas corrientes como nosotros, los aficionados. Si no existiera un riesgo cierto, real y cotidiano, esto del Toro no tendr\u00eda sentido. Siempre que se produce un percance, sobre todo si es grave, recordamos el peligro de la Fiesta, lo sentimos [&hellip;]\" \/>\n<meta property=\"og:url\" content=\"https:\/\/www.ignaciosanchezmejias.es\/index.php\/2010\/08\/31\/partes-facultativos\/\" \/>\n<meta property=\"og:site_name\" content=\"Sitio web de Ignacio S\u00e1nchez-Mej\u00edas Herrero\" \/>\n<meta property=\"article:published_time\" content=\"2010-08-31T17:10:13+00:00\" \/>\n<meta property=\"article:modified_time\" content=\"2021-01-15T10:42:20+00:00\" \/>\n<meta property=\"og:image\" content=\"https:\/\/www.ignaciosanchezmejias.es\/wp-content\/uploads\/2010\/07\/macias-644x362-1.jpg\" \/>\n\t<meta property=\"og:image:width\" content=\"644\" \/>\n\t<meta property=\"og:image:height\" content=\"362\" \/>\n\t<meta property=\"og:image:type\" content=\"image\/jpeg\" \/>\n<meta name=\"author\" content=\"isanchezmejias\" \/>\n<meta name=\"twitter:card\" content=\"summary_large_image\" \/>\n<meta name=\"twitter:label1\" content=\"Escrito por\" \/>\n\t<meta name=\"twitter:data1\" content=\"isanchezmejias\" \/>\n\t<meta name=\"twitter:label2\" content=\"Tiempo de lectura\" \/>\n\t<meta name=\"twitter:data2\" content=\"2 minutos\" \/>\n<script type=\"application\/ld+json\" class=\"yoast-schema-graph\">{\"@context\":\"https:\\\/\\\/schema.org\",\"@graph\":[{\"@type\":\"Article\",\"@id\":\"https:\\\/\\\/www.ignaciosanchezmejias.es\\\/index.php\\\/2010\\\/08\\\/31\\\/partes-facultativos\\\/#article\",\"isPartOf\":{\"@id\":\"https:\\\/\\\/www.ignaciosanchezmejias.es\\\/index.php\\\/2010\\\/08\\\/31\\\/partes-facultativos\\\/\"},\"author\":{\"name\":\"isanchezmejias\",\"@id\":\"https:\\\/\\\/www.ignaciosanchezmejias.es\\\/#\\\/schema\\\/person\\\/494d20bda3404108c02016d5e608fc65\"},\"headline\":\"Partes facultativos\",\"datePublished\":\"2010-08-31T17:10:13+00:00\",\"dateModified\":\"2021-01-15T10:42:20+00:00\",\"mainEntityOfPage\":{\"@id\":\"https:\\\/\\\/www.ignaciosanchezmejias.es\\\/index.php\\\/2010\\\/08\\\/31\\\/partes-facultativos\\\/\"},\"wordCount\":399,\"commentCount\":12,\"publisher\":{\"@id\":\"https:\\\/\\\/www.ignaciosanchezmejias.es\\\/#\\\/schema\\\/person\\\/494d20bda3404108c02016d5e608fc65\"},\"image\":{\"@id\":\"https:\\\/\\\/www.ignaciosanchezmejias.es\\\/index.php\\\/2010\\\/08\\\/31\\\/partes-facultativos\\\/#primaryimage\"},\"thumbnailUrl\":\"https:\\\/\\\/www.ignaciosanchezmejias.es\\\/wp-content\\\/uploads\\\/2010\\\/07\\\/macias-644x362-1.jpg\",\"keywords\":[\"Arturo Mac\u00edas\",\"Cayetano\",\"Jos\u00e9 M\u00aa Manzanares\",\"Jos\u00e9 Tom\u00e1s\",\"Julio Aparicio\",\"L\u00f3pez Chaves\",\"Luis Mariscal\",\"Miguel A. Perera\",\"Sergio Aguilar\"],\"articleSection\":[\"General\"],\"inLanguage\":\"es\",\"potentialAction\":[{\"@type\":\"CommentAction\",\"name\":\"Comment\",\"target\":[\"https:\\\/\\\/www.ignaciosanchezmejias.es\\\/index.php\\\/2010\\\/08\\\/31\\\/partes-facultativos\\\/#respond\"]}]},{\"@type\":\"WebPage\",\"@id\":\"https:\\\/\\\/www.ignaciosanchezmejias.es\\\/index.php\\\/2010\\\/08\\\/31\\\/partes-facultativos\\\/\",\"url\":\"https:\\\/\\\/www.ignaciosanchezmejias.es\\\/index.php\\\/2010\\\/08\\\/31\\\/partes-facultativos\\\/\",\"name\":\"Partes facultativos - Sitio web de Ignacio S\u00e1nchez-Mej\u00edas Herrero\",\"isPartOf\":{\"@id\":\"https:\\\/\\\/www.ignaciosanchezmejias.es\\\/#website\"},\"primaryImageOfPage\":{\"@id\":\"https:\\\/\\\/www.ignaciosanchezmejias.es\\\/index.php\\\/2010\\\/08\\\/31\\\/partes-facultativos\\\/#primaryimage\"},\"image\":{\"@id\":\"https:\\\/\\\/www.ignaciosanchezmejias.es\\\/index.php\\\/2010\\\/08\\\/31\\\/partes-facultativos\\\/#primaryimage\"},\"thumbnailUrl\":\"https:\\\/\\\/www.ignaciosanchezmejias.es\\\/wp-content\\\/uploads\\\/2010\\\/07\\\/macias-644x362-1.jpg\",\"datePublished\":\"2010-08-31T17:10:13+00:00\",\"dateModified\":\"2021-01-15T10:42:20+00:00\",\"breadcrumb\":{\"@id\":\"https:\\\/\\\/www.ignaciosanchezmejias.es\\\/index.php\\\/2010\\\/08\\\/31\\\/partes-facultativos\\\/#breadcrumb\"},\"inLanguage\":\"es\",\"potentialAction\":[{\"@type\":\"ReadAction\",\"target\":[\"https:\\\/\\\/www.ignaciosanchezmejias.es\\\/index.php\\\/2010\\\/08\\\/31\\\/partes-facultativos\\\/\"]}]},{\"@type\":\"ImageObject\",\"inLanguage\":\"es\",\"@id\":\"https:\\\/\\\/www.ignaciosanchezmejias.es\\\/index.php\\\/2010\\\/08\\\/31\\\/partes-facultativos\\\/#primaryimage\",\"url\":\"https:\\\/\\\/www.ignaciosanchezmejias.es\\\/wp-content\\\/uploads\\\/2010\\\/07\\\/macias-644x362-1.jpg\",\"contentUrl\":\"https:\\\/\\\/www.ignaciosanchezmejias.es\\\/wp-content\\\/uploads\\\/2010\\\/07\\\/macias-644x362-1.jpg\",\"width\":644,\"height\":362,\"caption\":\"Foto. EFE para abcdesevilla.es\"},{\"@type\":\"BreadcrumbList\",\"@id\":\"https:\\\/\\\/www.ignaciosanchezmejias.es\\\/index.php\\\/2010\\\/08\\\/31\\\/partes-facultativos\\\/#breadcrumb\",\"itemListElement\":[{\"@type\":\"ListItem\",\"position\":1,\"name\":\"Portada\",\"item\":\"https:\\\/\\\/www.ignaciosanchezmejias.es\\\/\"},{\"@type\":\"ListItem\",\"position\":2,\"name\":\"Partes facultativos\"}]},{\"@type\":\"WebSite\",\"@id\":\"https:\\\/\\\/www.ignaciosanchezmejias.es\\\/#website\",\"url\":\"https:\\\/\\\/www.ignaciosanchezmejias.es\\\/\",\"name\":\"Blog de Ignacio S\u00e1nchez-Mej\u00edas\",\"description\":\"Sitio personal ISM\",\"publisher\":{\"@id\":\"https:\\\/\\\/www.ignaciosanchezmejias.es\\\/#\\\/schema\\\/person\\\/494d20bda3404108c02016d5e608fc65\"},\"potentialAction\":[{\"@type\":\"SearchAction\",\"target\":{\"@type\":\"EntryPoint\",\"urlTemplate\":\"https:\\\/\\\/www.ignaciosanchezmejias.es\\\/?s={search_term_string}\"},\"query-input\":{\"@type\":\"PropertyValueSpecification\",\"valueRequired\":true,\"valueName\":\"search_term_string\"}}],\"inLanguage\":\"es\"},{\"@type\":[\"Person\",\"Organization\"],\"@id\":\"https:\\\/\\\/www.ignaciosanchezmejias.es\\\/#\\\/schema\\\/person\\\/494d20bda3404108c02016d5e608fc65\",\"name\":\"isanchezmejias\",\"image\":{\"@type\":\"ImageObject\",\"inLanguage\":\"es\",\"@id\":\"https:\\\/\\\/www.ignaciosanchezmejias.es\\\/wp-content\\\/uploads\\\/2020\\\/06\\\/cropped-Yo-antes.jpg\",\"url\":\"https:\\\/\\\/www.ignaciosanchezmejias.es\\\/wp-content\\\/uploads\\\/2020\\\/06\\\/cropped-Yo-antes.jpg\",\"contentUrl\":\"https:\\\/\\\/www.ignaciosanchezmejias.es\\\/wp-content\\\/uploads\\\/2020\\\/06\\\/cropped-Yo-antes.jpg\",\"width\":681,\"height\":482,\"caption\":\"isanchezmejias\"},\"logo\":{\"@id\":\"https:\\\/\\\/www.ignaciosanchezmejias.es\\\/wp-content\\\/uploads\\\/2020\\\/06\\\/cropped-Yo-antes.jpg\"},\"sameAs\":[\"https:\\\/\\\/www.ignaciosanchezmejias.es\"],\"url\":\"https:\\\/\\\/www.ignaciosanchezmejias.es\\\/index.php\\\/author\\\/isanchezmejias\\\/\"}]}<\/script>\n<!-- \/ Yoast SEO plugin. -->","yoast_head_json":{"title":"Partes facultativos - Sitio web de Ignacio S\u00e1nchez-Mej\u00edas Herrero","robots":{"index":"index","follow":"follow","max-snippet":"max-snippet:-1","max-image-preview":"max-image-preview:large","max-video-preview":"max-video-preview:-1"},"canonical":"https:\/\/www.ignaciosanchezmejias.es\/index.php\/2010\/08\/31\/partes-facultativos\/","og_locale":"es_ES","og_type":"article","og_title":"Partes facultativos - Sitio web de Ignacio S\u00e1nchez-Mej\u00edas Herrero","og_description":"Las cornadas son tributos que tienen que pagar los profesionales por ser h\u00e9roes y no personas corrientes como nosotros, los aficionados. Si no existiera un riesgo cierto, real y cotidiano, esto del Toro no tendr\u00eda sentido. Siempre que se produce un percance, sobre todo si es grave, recordamos el peligro de la Fiesta, lo sentimos [&hellip;]","og_url":"https:\/\/www.ignaciosanchezmejias.es\/index.php\/2010\/08\/31\/partes-facultativos\/","og_site_name":"Sitio web de Ignacio S\u00e1nchez-Mej\u00edas Herrero","article_published_time":"2010-08-31T17:10:13+00:00","article_modified_time":"2021-01-15T10:42:20+00:00","og_image":[{"width":644,"height":362,"url":"https:\/\/www.ignaciosanchezmejias.es\/wp-content\/uploads\/2010\/07\/macias-644x362-1.jpg","type":"image\/jpeg"}],"author":"isanchezmejias","twitter_card":"summary_large_image","twitter_misc":{"Escrito por":"isanchezmejias","Tiempo de lectura":"2 minutos"},"schema":{"@context":"https:\/\/schema.org","@graph":[{"@type":"Article","@id":"https:\/\/www.ignaciosanchezmejias.es\/index.php\/2010\/08\/31\/partes-facultativos\/#article","isPartOf":{"@id":"https:\/\/www.ignaciosanchezmejias.es\/index.php\/2010\/08\/31\/partes-facultativos\/"},"author":{"name":"isanchezmejias","@id":"https:\/\/www.ignaciosanchezmejias.es\/#\/schema\/person\/494d20bda3404108c02016d5e608fc65"},"headline":"Partes facultativos","datePublished":"2010-08-31T17:10:13+00:00","dateModified":"2021-01-15T10:42:20+00:00","mainEntityOfPage":{"@id":"https:\/\/www.ignaciosanchezmejias.es\/index.php\/2010\/08\/31\/partes-facultativos\/"},"wordCount":399,"commentCount":12,"publisher":{"@id":"https:\/\/www.ignaciosanchezmejias.es\/#\/schema\/person\/494d20bda3404108c02016d5e608fc65"},"image":{"@id":"https:\/\/www.ignaciosanchezmejias.es\/index.php\/2010\/08\/31\/partes-facultativos\/#primaryimage"},"thumbnailUrl":"https:\/\/www.ignaciosanchezmejias.es\/wp-content\/uploads\/2010\/07\/macias-644x362-1.jpg","keywords":["Arturo Mac\u00edas","Cayetano","Jos\u00e9 M\u00aa Manzanares","Jos\u00e9 Tom\u00e1s","Julio Aparicio","L\u00f3pez Chaves","Luis Mariscal","Miguel A. Perera","Sergio Aguilar"],"articleSection":["General"],"inLanguage":"es","potentialAction":[{"@type":"CommentAction","name":"Comment","target":["https:\/\/www.ignaciosanchezmejias.es\/index.php\/2010\/08\/31\/partes-facultativos\/#respond"]}]},{"@type":"WebPage","@id":"https:\/\/www.ignaciosanchezmejias.es\/index.php\/2010\/08\/31\/partes-facultativos\/","url":"https:\/\/www.ignaciosanchezmejias.es\/index.php\/2010\/08\/31\/partes-facultativos\/","name":"Partes facultativos - Sitio web de Ignacio S\u00e1nchez-Mej\u00edas Herrero","isPartOf":{"@id":"https:\/\/www.ignaciosanchezmejias.es\/#website"},"primaryImageOfPage":{"@id":"https:\/\/www.ignaciosanchezmejias.es\/index.php\/2010\/08\/31\/partes-facultativos\/#primaryimage"},"image":{"@id":"https:\/\/www.ignaciosanchezmejias.es\/index.php\/2010\/08\/31\/partes-facultativos\/#primaryimage"},"thumbnailUrl":"https:\/\/www.ignaciosanchezmejias.es\/wp-content\/uploads\/2010\/07\/macias-644x362-1.jpg","datePublished":"2010-08-31T17:10:13+00:00","dateModified":"2021-01-15T10:42:20+00:00","breadcrumb":{"@id":"https:\/\/www.ignaciosanchezmejias.es\/index.php\/2010\/08\/31\/partes-facultativos\/#breadcrumb"},"inLanguage":"es","potentialAction":[{"@type":"ReadAction","target":["https:\/\/www.ignaciosanchezmejias.es\/index.php\/2010\/08\/31\/partes-facultativos\/"]}]},{"@type":"ImageObject","inLanguage":"es","@id":"https:\/\/www.ignaciosanchezmejias.es\/index.php\/2010\/08\/31\/partes-facultativos\/#primaryimage","url":"https:\/\/www.ignaciosanchezmejias.es\/wp-content\/uploads\/2010\/07\/macias-644x362-1.jpg","contentUrl":"https:\/\/www.ignaciosanchezmejias.es\/wp-content\/uploads\/2010\/07\/macias-644x362-1.jpg","width":644,"height":362,"caption":"Foto. EFE para abcdesevilla.es"},{"@type":"BreadcrumbList","@id":"https:\/\/www.ignaciosanchezmejias.es\/index.php\/2010\/08\/31\/partes-facultativos\/#breadcrumb","itemListElement":[{"@type":"ListItem","position":1,"name":"Portada","item":"https:\/\/www.ignaciosanchezmejias.es\/"},{"@type":"ListItem","position":2,"name":"Partes facultativos"}]},{"@type":"WebSite","@id":"https:\/\/www.ignaciosanchezmejias.es\/#website","url":"https:\/\/www.ignaciosanchezmejias.es\/","name":"Blog de Ignacio S\u00e1nchez-Mej\u00edas","description":"Sitio personal ISM","publisher":{"@id":"https:\/\/www.ignaciosanchezmejias.es\/#\/schema\/person\/494d20bda3404108c02016d5e608fc65"},"potentialAction":[{"@type":"SearchAction","target":{"@type":"EntryPoint","urlTemplate":"https:\/\/www.ignaciosanchezmejias.es\/?s={search_term_string}"},"query-input":{"@type":"PropertyValueSpecification","valueRequired":true,"valueName":"search_term_string"}}],"inLanguage":"es"},{"@type":["Person","Organization"],"@id":"https:\/\/www.ignaciosanchezmejias.es\/#\/schema\/person\/494d20bda3404108c02016d5e608fc65","name":"isanchezmejias","image":{"@type":"ImageObject","inLanguage":"es","@id":"https:\/\/www.ignaciosanchezmejias.es\/wp-content\/uploads\/2020\/06\/cropped-Yo-antes.jpg","url":"https:\/\/www.ignaciosanchezmejias.es\/wp-content\/uploads\/2020\/06\/cropped-Yo-antes.jpg","contentUrl":"https:\/\/www.ignaciosanchezmejias.es\/wp-content\/uploads\/2020\/06\/cropped-Yo-antes.jpg","width":681,"height":482,"caption":"isanchezmejias"},"logo":{"@id":"https:\/\/www.ignaciosanchezmejias.es\/wp-content\/uploads\/2020\/06\/cropped-Yo-antes.jpg"},"sameAs":["https:\/\/www.ignaciosanchezmejias.es"],"url":"https:\/\/www.ignaciosanchezmejias.es\/index.php\/author\/isanchezmejias\/"}]}},"_links":{"self":[{"href":"https:\/\/www.ignaciosanchezmejias.es\/index.php\/wp-json\/wp\/v2\/posts\/1625","targetHints":{"allow":["GET"]}}],"collection":[{"href":"https:\/\/www.ignaciosanchezmejias.es\/index.php\/wp-json\/wp\/v2\/posts"}],"about":[{"href":"https:\/\/www.ignaciosanchezmejias.es\/index.php\/wp-json\/wp\/v2\/types\/post"}],"author":[{"embeddable":true,"href":"https:\/\/www.ignaciosanchezmejias.es\/index.php\/wp-json\/wp\/v2\/users\/1"}],"replies":[{"embeddable":true,"href":"https:\/\/www.ignaciosanchezmejias.es\/index.php\/wp-json\/wp\/v2\/comments?post=1625"}],"version-history":[{"count":2,"href":"https:\/\/www.ignaciosanchezmejias.es\/index.php\/wp-json\/wp\/v2\/posts\/1625\/revisions"}],"predecessor-version":[{"id":4860,"href":"https:\/\/www.ignaciosanchezmejias.es\/index.php\/wp-json\/wp\/v2\/posts\/1625\/revisions\/4860"}],"wp:featuredmedia":[{"embeddable":true,"href":"https:\/\/www.ignaciosanchezmejias.es\/index.php\/wp-json\/wp\/v2\/media\/4840"}],"wp:attachment":[{"href":"https:\/\/www.ignaciosanchezmejias.es\/index.php\/wp-json\/wp\/v2\/media?parent=1625"}],"wp:term":[{"taxonomy":"category","embeddable":true,"href":"https:\/\/www.ignaciosanchezmejias.es\/index.php\/wp-json\/wp\/v2\/categories?post=1625"},{"taxonomy":"post_tag","embeddable":true,"href":"https:\/\/www.ignaciosanchezmejias.es\/index.php\/wp-json\/wp\/v2\/tags?post=1625"}],"curies":[{"name":"wp","href":"https:\/\/api.w.org\/{rel}","templated":true}]}}