{"id":1619,"date":"2010-08-22T12:11:17","date_gmt":"2010-08-22T11:11:17","guid":{"rendered":"http:\/\/blogs.sevilla.abc.es\/desdeeltendido2\/?p=1619"},"modified":"2021-01-15T10:36:06","modified_gmt":"2021-01-15T10:36:06","slug":"manzanares-puede-con-la-levantera","status":"publish","type":"post","link":"https:\/\/www.ignaciosanchezmejias.es\/index.php\/2010\/08\/22\/manzanares-puede-con-la-levantera\/","title":{"rendered":"Manzanares puede con la \u00ablevantera\u00bb"},"content":{"rendered":"\n<p>A pesar de que estamos pasando un agosto relativamente benevolente con respecto al levante, cuando hay una corrida de expectaci\u00f3n \u00e9ste suele aparecer, como buen aficionado que es. La plaza de toros de E Puerto y el Levante van normalmente unidos. Hemos recordado hoy memorables faenas con \u00ablevantera\u00bb, como la de Jos\u00e9 Tom\u00e1s, en los medios, hace ya demasiados a\u00f1os. Hoy las de Manzanares se unir\u00e1n a ellas.<\/p>\n\n\n\n<p>La plaza ha registrado una gran entrada. No s\u00e9 si la empresa Serolo habr\u00e1 salvado la temporada con las entradas de las corridas de Morante, pero me temo que no. Tambi\u00e9n hemos vuelto a tener problemas con los toros (este verano estamos volviendo a los viejos tiempos en demasiadas plazas) lidi\u00e1ndose 2 de Gavira, junto a los anunciados de N\u00fa\u00f1ez del Cuvillo. Los de Gavira no han valido casi nada, ni el de Morante ni el de Luque. Morante no ha podido hacer su toreo a pesar de haberlo intentado con fe en los dos de su lote, pero unas veces por el viento y las m\u00e1s por los toros, no ha podido ser. Ha dejado pinceladas de su toreo profundo pero con intermitencias.<\/p>\n\n\n\n<p>Manzanares ha estado cumbre. El jabornero quinto era un toro codicioso por el derecho, que hac\u00eda el avi\u00f3n cuando met\u00eda la cara y lo ha llevado perfectamente toreado. Ha estado queriendo agradar siempre y, dos pasos por delante de sus toros. Adem\u00e1s, est\u00e1 matando muy seguro y efectivo. 4 orejas resumen su estado de gracia. Hacer que olvidemos, por unos minutos, la levantara que soport\u00e1bamos el domingo tiene mucho m\u00e9rito. Otra cosa, este torero figura en los carteles como Manzanares, algunos lo llaman con un familiar \u201cEl Manzana\u201d \u00a1Habrase visto cosa m\u00e1s horrible!<\/p>\n\n\n\n<p>No quiero acabar este comentario sin mencionar la catetada de que esto haya sido una corrida goyesca. Ya s\u00e9 que a fuerza de repetirla quieren hacer de la goyesca una tradici\u00f3n en El Puerto, pero el sitio de esta corrida es Ronda. Es pat\u00e9tico ver a los monosabios con deportivas blancas y a los areneros uno con zapatos de calle, otro con deportivas negras sin cordones, otros con alpargatas. Por no hablar de las madro\u00f1eras rojas de los monosabios, uno desde media cabeza, otro poco tupida dejando ver toda su cabeza calva adornada con 6 bolitas rojas, en fin, un esperpento. Yo prefiero una corrida tradicional, con la gente del toro vestida como debe de ser.<\/p>\n","protected":false},"excerpt":{"rendered":"<p>A pesar de que estamos pasando un agosto relativamente benevolente con respecto al levante, cuando hay una corrida de expectaci\u00f3n \u00e9ste suele aparecer, como buen aficionado que es. La plaza de toros de E Puerto y el Levante van normalmente unidos. Hemos recordado hoy memorables faenas con \u00ablevantera\u00bb, como la de Jos\u00e9 Tom\u00e1s, en los [&hellip;]<\/p>\n","protected":false},"author":1,"featured_media":4856,"comment_status":"open","ping_status":"open","sticky":false,"template":"","format":"standard","meta":{"footnotes":""},"categories":[5],"tags":[97,140,329,29,45],"class_list":["post-1619","post","type-post","status-publish","format-standard","has-post-thumbnail","hentry","category-general","tag-daniel-luque","tag-gavira","tag-jose-m-manzanares","tag-morante-de-la-puebla","tag-nunez-del-cuvillo"],"yoast_head":"<!-- This site is optimized with the Yoast SEO plugin v27.4 - https:\/\/yoast.com\/product\/yoast-seo-wordpress\/ -->\n<title>Manzanares puede con la &quot;levantera&quot; - Sitio web de Ignacio S\u00e1nchez-Mej\u00edas Herrero<\/title>\n<meta name=\"robots\" content=\"index, follow, max-snippet:-1, max-image-preview:large, max-video-preview:-1\" \/>\n<link rel=\"canonical\" href=\"https:\/\/www.ignaciosanchezmejias.es\/index.php\/2010\/08\/22\/manzanares-puede-con-la-levantera\/\" \/>\n<meta property=\"og:locale\" content=\"es_ES\" \/>\n<meta property=\"og:type\" content=\"article\" \/>\n<meta property=\"og:title\" content=\"Manzanares puede con la &quot;levantera&quot; - Sitio web de Ignacio S\u00e1nchez-Mej\u00edas Herrero\" \/>\n<meta property=\"og:description\" content=\"A pesar de que estamos pasando un agosto relativamente benevolente con respecto al levante, cuando hay una corrida de expectaci\u00f3n \u00e9ste suele aparecer, como buen aficionado que es. La plaza de toros de E Puerto y el Levante van normalmente unidos. Hemos recordado hoy memorables faenas con \u00ablevantera\u00bb, como la de Jos\u00e9 Tom\u00e1s, en los [&hellip;]\" \/>\n<meta property=\"og:url\" content=\"https:\/\/www.ignaciosanchezmejias.es\/index.php\/2010\/08\/22\/manzanares-puede-con-la-levantera\/\" \/>\n<meta property=\"og:site_name\" content=\"Sitio web de Ignacio S\u00e1nchez-Mej\u00edas Herrero\" \/>\n<meta property=\"article:published_time\" content=\"2010-08-22T11:11:17+00:00\" \/>\n<meta property=\"article:modified_time\" content=\"2021-01-15T10:36:06+00:00\" \/>\n<meta property=\"og:image\" content=\"https:\/\/www.ignaciosanchezmejias.es\/wp-content\/uploads\/2010\/08\/manzanares-puerto.jpg\" \/>\n\t<meta property=\"og:image:width\" content=\"478\" \/>\n\t<meta property=\"og:image:height\" content=\"270\" \/>\n\t<meta property=\"og:image:type\" content=\"image\/jpeg\" \/>\n<meta name=\"author\" content=\"isanchezmejias\" \/>\n<meta name=\"twitter:card\" content=\"summary_large_image\" \/>\n<meta name=\"twitter:label1\" content=\"Escrito por\" \/>\n\t<meta name=\"twitter:data1\" content=\"isanchezmejias\" \/>\n\t<meta name=\"twitter:label2\" content=\"Tiempo de lectura\" \/>\n\t<meta name=\"twitter:data2\" content=\"2 minutos\" \/>\n<script type=\"application\/ld+json\" class=\"yoast-schema-graph\">{\"@context\":\"https:\\\/\\\/schema.org\",\"@graph\":[{\"@type\":\"Article\",\"@id\":\"https:\\\/\\\/www.ignaciosanchezmejias.es\\\/index.php\\\/2010\\\/08\\\/22\\\/manzanares-puede-con-la-levantera\\\/#article\",\"isPartOf\":{\"@id\":\"https:\\\/\\\/www.ignaciosanchezmejias.es\\\/index.php\\\/2010\\\/08\\\/22\\\/manzanares-puede-con-la-levantera\\\/\"},\"author\":{\"name\":\"isanchezmejias\",\"@id\":\"https:\\\/\\\/www.ignaciosanchezmejias.es\\\/#\\\/schema\\\/person\\\/494d20bda3404108c02016d5e608fc65\"},\"headline\":\"Manzanares puede con la \u00ablevantera\u00bb\",\"datePublished\":\"2010-08-22T11:11:17+00:00\",\"dateModified\":\"2021-01-15T10:36:06+00:00\",\"mainEntityOfPage\":{\"@id\":\"https:\\\/\\\/www.ignaciosanchezmejias.es\\\/index.php\\\/2010\\\/08\\\/22\\\/manzanares-puede-con-la-levantera\\\/\"},\"wordCount\":421,\"commentCount\":3,\"publisher\":{\"@id\":\"https:\\\/\\\/www.ignaciosanchezmejias.es\\\/#\\\/schema\\\/person\\\/494d20bda3404108c02016d5e608fc65\"},\"image\":{\"@id\":\"https:\\\/\\\/www.ignaciosanchezmejias.es\\\/index.php\\\/2010\\\/08\\\/22\\\/manzanares-puede-con-la-levantera\\\/#primaryimage\"},\"thumbnailUrl\":\"https:\\\/\\\/www.ignaciosanchezmejias.es\\\/wp-content\\\/uploads\\\/2010\\\/08\\\/manzanares-puerto.jpg\",\"keywords\":[\"Daniel Luque\",\"Gavira\",\"Jos\u00e9 M\u00aa Manzanares\",\"Morante de la Puebla\",\"Nu\u00f1ez del Cuvillo\"],\"articleSection\":[\"General\"],\"inLanguage\":\"es\",\"potentialAction\":[{\"@type\":\"CommentAction\",\"name\":\"Comment\",\"target\":[\"https:\\\/\\\/www.ignaciosanchezmejias.es\\\/index.php\\\/2010\\\/08\\\/22\\\/manzanares-puede-con-la-levantera\\\/#respond\"]}]},{\"@type\":\"WebPage\",\"@id\":\"https:\\\/\\\/www.ignaciosanchezmejias.es\\\/index.php\\\/2010\\\/08\\\/22\\\/manzanares-puede-con-la-levantera\\\/\",\"url\":\"https:\\\/\\\/www.ignaciosanchezmejias.es\\\/index.php\\\/2010\\\/08\\\/22\\\/manzanares-puede-con-la-levantera\\\/\",\"name\":\"Manzanares puede con la \\\"levantera\\\" - Sitio web de Ignacio S\u00e1nchez-Mej\u00edas Herrero\",\"isPartOf\":{\"@id\":\"https:\\\/\\\/www.ignaciosanchezmejias.es\\\/#website\"},\"primaryImageOfPage\":{\"@id\":\"https:\\\/\\\/www.ignaciosanchezmejias.es\\\/index.php\\\/2010\\\/08\\\/22\\\/manzanares-puede-con-la-levantera\\\/#primaryimage\"},\"image\":{\"@id\":\"https:\\\/\\\/www.ignaciosanchezmejias.es\\\/index.php\\\/2010\\\/08\\\/22\\\/manzanares-puede-con-la-levantera\\\/#primaryimage\"},\"thumbnailUrl\":\"https:\\\/\\\/www.ignaciosanchezmejias.es\\\/wp-content\\\/uploads\\\/2010\\\/08\\\/manzanares-puerto.jpg\",\"datePublished\":\"2010-08-22T11:11:17+00:00\",\"dateModified\":\"2021-01-15T10:36:06+00:00\",\"breadcrumb\":{\"@id\":\"https:\\\/\\\/www.ignaciosanchezmejias.es\\\/index.php\\\/2010\\\/08\\\/22\\\/manzanares-puede-con-la-levantera\\\/#breadcrumb\"},\"inLanguage\":\"es\",\"potentialAction\":[{\"@type\":\"ReadAction\",\"target\":[\"https:\\\/\\\/www.ignaciosanchezmejias.es\\\/index.php\\\/2010\\\/08\\\/22\\\/manzanares-puede-con-la-levantera\\\/\"]}]},{\"@type\":\"ImageObject\",\"inLanguage\":\"es\",\"@id\":\"https:\\\/\\\/www.ignaciosanchezmejias.es\\\/index.php\\\/2010\\\/08\\\/22\\\/manzanares-puede-con-la-levantera\\\/#primaryimage\",\"url\":\"https:\\\/\\\/www.ignaciosanchezmejias.es\\\/wp-content\\\/uploads\\\/2010\\\/08\\\/manzanares-puerto.jpg\",\"contentUrl\":\"https:\\\/\\\/www.ignaciosanchezmejias.es\\\/wp-content\\\/uploads\\\/2010\\\/08\\\/manzanares-puerto.jpg\",\"width\":478,\"height\":270,\"caption\":\"Foto. abcdesevilla.es\"},{\"@type\":\"BreadcrumbList\",\"@id\":\"https:\\\/\\\/www.ignaciosanchezmejias.es\\\/index.php\\\/2010\\\/08\\\/22\\\/manzanares-puede-con-la-levantera\\\/#breadcrumb\",\"itemListElement\":[{\"@type\":\"ListItem\",\"position\":1,\"name\":\"Portada\",\"item\":\"https:\\\/\\\/www.ignaciosanchezmejias.es\\\/\"},{\"@type\":\"ListItem\",\"position\":2,\"name\":\"Manzanares puede con la \u00ablevantera\u00bb\"}]},{\"@type\":\"WebSite\",\"@id\":\"https:\\\/\\\/www.ignaciosanchezmejias.es\\\/#website\",\"url\":\"https:\\\/\\\/www.ignaciosanchezmejias.es\\\/\",\"name\":\"Blog de Ignacio S\u00e1nchez-Mej\u00edas\",\"description\":\"Sitio personal ISM\",\"publisher\":{\"@id\":\"https:\\\/\\\/www.ignaciosanchezmejias.es\\\/#\\\/schema\\\/person\\\/494d20bda3404108c02016d5e608fc65\"},\"potentialAction\":[{\"@type\":\"SearchAction\",\"target\":{\"@type\":\"EntryPoint\",\"urlTemplate\":\"https:\\\/\\\/www.ignaciosanchezmejias.es\\\/?s={search_term_string}\"},\"query-input\":{\"@type\":\"PropertyValueSpecification\",\"valueRequired\":true,\"valueName\":\"search_term_string\"}}],\"inLanguage\":\"es\"},{\"@type\":[\"Person\",\"Organization\"],\"@id\":\"https:\\\/\\\/www.ignaciosanchezmejias.es\\\/#\\\/schema\\\/person\\\/494d20bda3404108c02016d5e608fc65\",\"name\":\"isanchezmejias\",\"image\":{\"@type\":\"ImageObject\",\"inLanguage\":\"es\",\"@id\":\"https:\\\/\\\/www.ignaciosanchezmejias.es\\\/wp-content\\\/uploads\\\/2020\\\/06\\\/cropped-Yo-antes.jpg\",\"url\":\"https:\\\/\\\/www.ignaciosanchezmejias.es\\\/wp-content\\\/uploads\\\/2020\\\/06\\\/cropped-Yo-antes.jpg\",\"contentUrl\":\"https:\\\/\\\/www.ignaciosanchezmejias.es\\\/wp-content\\\/uploads\\\/2020\\\/06\\\/cropped-Yo-antes.jpg\",\"width\":681,\"height\":482,\"caption\":\"isanchezmejias\"},\"logo\":{\"@id\":\"https:\\\/\\\/www.ignaciosanchezmejias.es\\\/wp-content\\\/uploads\\\/2020\\\/06\\\/cropped-Yo-antes.jpg\"},\"sameAs\":[\"https:\\\/\\\/www.ignaciosanchezmejias.es\"],\"url\":\"https:\\\/\\\/www.ignaciosanchezmejias.es\\\/index.php\\\/author\\\/isanchezmejias\\\/\"}]}<\/script>\n<!-- \/ Yoast SEO plugin. -->","yoast_head_json":{"title":"Manzanares puede con la \"levantera\" - Sitio web de Ignacio S\u00e1nchez-Mej\u00edas Herrero","robots":{"index":"index","follow":"follow","max-snippet":"max-snippet:-1","max-image-preview":"max-image-preview:large","max-video-preview":"max-video-preview:-1"},"canonical":"https:\/\/www.ignaciosanchezmejias.es\/index.php\/2010\/08\/22\/manzanares-puede-con-la-levantera\/","og_locale":"es_ES","og_type":"article","og_title":"Manzanares puede con la \"levantera\" - Sitio web de Ignacio S\u00e1nchez-Mej\u00edas Herrero","og_description":"A pesar de que estamos pasando un agosto relativamente benevolente con respecto al levante, cuando hay una corrida de expectaci\u00f3n \u00e9ste suele aparecer, como buen aficionado que es. La plaza de toros de E Puerto y el Levante van normalmente unidos. Hemos recordado hoy memorables faenas con \u00ablevantera\u00bb, como la de Jos\u00e9 Tom\u00e1s, en los [&hellip;]","og_url":"https:\/\/www.ignaciosanchezmejias.es\/index.php\/2010\/08\/22\/manzanares-puede-con-la-levantera\/","og_site_name":"Sitio web de Ignacio S\u00e1nchez-Mej\u00edas Herrero","article_published_time":"2010-08-22T11:11:17+00:00","article_modified_time":"2021-01-15T10:36:06+00:00","og_image":[{"width":478,"height":270,"url":"https:\/\/www.ignaciosanchezmejias.es\/wp-content\/uploads\/2010\/08\/manzanares-puerto.jpg","type":"image\/jpeg"}],"author":"isanchezmejias","twitter_card":"summary_large_image","twitter_misc":{"Escrito por":"isanchezmejias","Tiempo de lectura":"2 minutos"},"schema":{"@context":"https:\/\/schema.org","@graph":[{"@type":"Article","@id":"https:\/\/www.ignaciosanchezmejias.es\/index.php\/2010\/08\/22\/manzanares-puede-con-la-levantera\/#article","isPartOf":{"@id":"https:\/\/www.ignaciosanchezmejias.es\/index.php\/2010\/08\/22\/manzanares-puede-con-la-levantera\/"},"author":{"name":"isanchezmejias","@id":"https:\/\/www.ignaciosanchezmejias.es\/#\/schema\/person\/494d20bda3404108c02016d5e608fc65"},"headline":"Manzanares puede con la \u00ablevantera\u00bb","datePublished":"2010-08-22T11:11:17+00:00","dateModified":"2021-01-15T10:36:06+00:00","mainEntityOfPage":{"@id":"https:\/\/www.ignaciosanchezmejias.es\/index.php\/2010\/08\/22\/manzanares-puede-con-la-levantera\/"},"wordCount":421,"commentCount":3,"publisher":{"@id":"https:\/\/www.ignaciosanchezmejias.es\/#\/schema\/person\/494d20bda3404108c02016d5e608fc65"},"image":{"@id":"https:\/\/www.ignaciosanchezmejias.es\/index.php\/2010\/08\/22\/manzanares-puede-con-la-levantera\/#primaryimage"},"thumbnailUrl":"https:\/\/www.ignaciosanchezmejias.es\/wp-content\/uploads\/2010\/08\/manzanares-puerto.jpg","keywords":["Daniel Luque","Gavira","Jos\u00e9 M\u00aa Manzanares","Morante de la Puebla","Nu\u00f1ez del Cuvillo"],"articleSection":["General"],"inLanguage":"es","potentialAction":[{"@type":"CommentAction","name":"Comment","target":["https:\/\/www.ignaciosanchezmejias.es\/index.php\/2010\/08\/22\/manzanares-puede-con-la-levantera\/#respond"]}]},{"@type":"WebPage","@id":"https:\/\/www.ignaciosanchezmejias.es\/index.php\/2010\/08\/22\/manzanares-puede-con-la-levantera\/","url":"https:\/\/www.ignaciosanchezmejias.es\/index.php\/2010\/08\/22\/manzanares-puede-con-la-levantera\/","name":"Manzanares puede con la \"levantera\" - Sitio web de Ignacio S\u00e1nchez-Mej\u00edas Herrero","isPartOf":{"@id":"https:\/\/www.ignaciosanchezmejias.es\/#website"},"primaryImageOfPage":{"@id":"https:\/\/www.ignaciosanchezmejias.es\/index.php\/2010\/08\/22\/manzanares-puede-con-la-levantera\/#primaryimage"},"image":{"@id":"https:\/\/www.ignaciosanchezmejias.es\/index.php\/2010\/08\/22\/manzanares-puede-con-la-levantera\/#primaryimage"},"thumbnailUrl":"https:\/\/www.ignaciosanchezmejias.es\/wp-content\/uploads\/2010\/08\/manzanares-puerto.jpg","datePublished":"2010-08-22T11:11:17+00:00","dateModified":"2021-01-15T10:36:06+00:00","breadcrumb":{"@id":"https:\/\/www.ignaciosanchezmejias.es\/index.php\/2010\/08\/22\/manzanares-puede-con-la-levantera\/#breadcrumb"},"inLanguage":"es","potentialAction":[{"@type":"ReadAction","target":["https:\/\/www.ignaciosanchezmejias.es\/index.php\/2010\/08\/22\/manzanares-puede-con-la-levantera\/"]}]},{"@type":"ImageObject","inLanguage":"es","@id":"https:\/\/www.ignaciosanchezmejias.es\/index.php\/2010\/08\/22\/manzanares-puede-con-la-levantera\/#primaryimage","url":"https:\/\/www.ignaciosanchezmejias.es\/wp-content\/uploads\/2010\/08\/manzanares-puerto.jpg","contentUrl":"https:\/\/www.ignaciosanchezmejias.es\/wp-content\/uploads\/2010\/08\/manzanares-puerto.jpg","width":478,"height":270,"caption":"Foto. abcdesevilla.es"},{"@type":"BreadcrumbList","@id":"https:\/\/www.ignaciosanchezmejias.es\/index.php\/2010\/08\/22\/manzanares-puede-con-la-levantera\/#breadcrumb","itemListElement":[{"@type":"ListItem","position":1,"name":"Portada","item":"https:\/\/www.ignaciosanchezmejias.es\/"},{"@type":"ListItem","position":2,"name":"Manzanares puede con la \u00ablevantera\u00bb"}]},{"@type":"WebSite","@id":"https:\/\/www.ignaciosanchezmejias.es\/#website","url":"https:\/\/www.ignaciosanchezmejias.es\/","name":"Blog de Ignacio S\u00e1nchez-Mej\u00edas","description":"Sitio personal ISM","publisher":{"@id":"https:\/\/www.ignaciosanchezmejias.es\/#\/schema\/person\/494d20bda3404108c02016d5e608fc65"},"potentialAction":[{"@type":"SearchAction","target":{"@type":"EntryPoint","urlTemplate":"https:\/\/www.ignaciosanchezmejias.es\/?s={search_term_string}"},"query-input":{"@type":"PropertyValueSpecification","valueRequired":true,"valueName":"search_term_string"}}],"inLanguage":"es"},{"@type":["Person","Organization"],"@id":"https:\/\/www.ignaciosanchezmejias.es\/#\/schema\/person\/494d20bda3404108c02016d5e608fc65","name":"isanchezmejias","image":{"@type":"ImageObject","inLanguage":"es","@id":"https:\/\/www.ignaciosanchezmejias.es\/wp-content\/uploads\/2020\/06\/cropped-Yo-antes.jpg","url":"https:\/\/www.ignaciosanchezmejias.es\/wp-content\/uploads\/2020\/06\/cropped-Yo-antes.jpg","contentUrl":"https:\/\/www.ignaciosanchezmejias.es\/wp-content\/uploads\/2020\/06\/cropped-Yo-antes.jpg","width":681,"height":482,"caption":"isanchezmejias"},"logo":{"@id":"https:\/\/www.ignaciosanchezmejias.es\/wp-content\/uploads\/2020\/06\/cropped-Yo-antes.jpg"},"sameAs":["https:\/\/www.ignaciosanchezmejias.es"],"url":"https:\/\/www.ignaciosanchezmejias.es\/index.php\/author\/isanchezmejias\/"}]}},"_links":{"self":[{"href":"https:\/\/www.ignaciosanchezmejias.es\/index.php\/wp-json\/wp\/v2\/posts\/1619","targetHints":{"allow":["GET"]}}],"collection":[{"href":"https:\/\/www.ignaciosanchezmejias.es\/index.php\/wp-json\/wp\/v2\/posts"}],"about":[{"href":"https:\/\/www.ignaciosanchezmejias.es\/index.php\/wp-json\/wp\/v2\/types\/post"}],"author":[{"embeddable":true,"href":"https:\/\/www.ignaciosanchezmejias.es\/index.php\/wp-json\/wp\/v2\/users\/1"}],"replies":[{"embeddable":true,"href":"https:\/\/www.ignaciosanchezmejias.es\/index.php\/wp-json\/wp\/v2\/comments?post=1619"}],"version-history":[{"count":2,"href":"https:\/\/www.ignaciosanchezmejias.es\/index.php\/wp-json\/wp\/v2\/posts\/1619\/revisions"}],"predecessor-version":[{"id":4858,"href":"https:\/\/www.ignaciosanchezmejias.es\/index.php\/wp-json\/wp\/v2\/posts\/1619\/revisions\/4858"}],"wp:featuredmedia":[{"embeddable":true,"href":"https:\/\/www.ignaciosanchezmejias.es\/index.php\/wp-json\/wp\/v2\/media\/4856"}],"wp:attachment":[{"href":"https:\/\/www.ignaciosanchezmejias.es\/index.php\/wp-json\/wp\/v2\/media?parent=1619"}],"wp:term":[{"taxonomy":"category","embeddable":true,"href":"https:\/\/www.ignaciosanchezmejias.es\/index.php\/wp-json\/wp\/v2\/categories?post=1619"},{"taxonomy":"post_tag","embeddable":true,"href":"https:\/\/www.ignaciosanchezmejias.es\/index.php\/wp-json\/wp\/v2\/tags?post=1619"}],"curies":[{"name":"wp","href":"https:\/\/api.w.org\/{rel}","templated":true}]}}