{"id":1604,"date":"2010-08-09T21:20:53","date_gmt":"2010-08-09T20:20:53","guid":{"rendered":"http:\/\/blogs.sevilla.abc.es\/desdeeltendido2\/?p=1604"},"modified":"2021-01-15T10:20:27","modified_gmt":"2021-01-15T10:20:27","slug":"morante-salva-la-temporada-de-el-puerto","status":"publish","type":"post","link":"https:\/\/www.ignaciosanchezmejias.es\/index.php\/2010\/08\/09\/morante-salva-la-temporada-de-el-puerto\/","title":{"rendered":"Morante salva la temporada de El Puerto"},"content":{"rendered":"\n<p>El domingo hac\u00edamos tiempo en el Hotel Santa Mar\u00eda antes de la corrida, hablando de toros con un grupo de aficionados. Entre ellos se encontraba mi amigo y sempiterno abonado de la azotea de toril de El Puerto, Juan Luis Villanueva. Comentaba que la empresa Serolo hab\u00eda echado a la gente de la plaza este a\u00f1o. El abono tiene 15 festejos, s\u00f3lo 6 de ellos corridas de toros, 2 de rejones y 7 novilladas, 5 de ellas sin caballos, y a precios de antes de la crisis. Definitivamente el aficionado ha huido de la plaza y as\u00ed, es dif\u00edcil que vuelva. Como muestra un bot\u00f3n: el domingo 15, Jesuli de Torrecera, Alejandro Morilla y Antonio Jos\u00e9 Blanco con los Cebadas, a 87 euros el tendido. Con todos mis respetos para estos profesionales que se van a jugar la vida, habr\u00e1 que ser muy aficionados para dejar la playa y rascarse el bolsillo.<\/p>\n\n\n\n<p>Est\u00e1bamos viendo entradas paup\u00e9rrimas hasta que lleg\u00f3 Morante. La sombra llena y el sol a tres cuartos fue la respuesta al tir\u00f3n que tiene hoy este torero. El d\u00eda anterior con El Cid, un Manzanares en figura y Perera, habr\u00eda un tercio de la entrada del d\u00eda siguiente. Menos de un tercio de entrada con las figuras, un s\u00e1bado de agosto, es para pensar qu\u00e9 ha hecho mal la empresa Serolo.<\/p>\n\n\n\n<p>Con Jos\u00e9 Tom\u00e1s en el dique seco, creo que Morante es el \u00fanico torero que hace viajar a sus partidarios. Vimos much\u00edsimos abonados de Sevilla: Manuel Grosso, nuestra presidente Anabel Moreno, nuestro empresario Ram\u00f3n Valencia, mi t\u00edo Santiago Herero con sus hijos que hab\u00edan venido desde La Antilla, amigos que ven\u00edan desde Algeciras, Badajoz, San Sebasti\u00e1n, o un considerable n\u00famero de vecinos de mi tendido 2 de Sevilla, entre ellos Guillermo Sierra.<\/p>\n\n\n\n<p>\u00bfPor qu\u00e9 este tir\u00f3n? Porque Morante torea como nadie es capaz de hacerlo. Torea con verdad, pudi\u00e9ndoles a los toros y con esa personalidad que es capaz de levantarnos de los asientos con un pase. Adem\u00e1s como estuvo tan bien, el pr\u00f3ximo d\u00eda 21 volveremos a vernos las caras otra vez en El Puerto y entonces s\u00ed que le habr\u00e1 salvado la temporada a la empresa Serolo.<\/p>\n\n\n\n<p>Otra cosa es el penoso espect\u00e1culo del \u201cbaile de corrales\u201d. Con los toros anunciados devueltos, los toreros amenazando con no torear, con comunicados del presidente y de los toreros, en fin, el numerito de la picaresca. No s\u00e9 de qui\u00e9n habr\u00e1 sido la culpa esta vez, aunque me lo puedo imaginar. Con estos apoderados que s\u00f3lo piensan en su corto plazo y no le tienen el debido respeto a un p\u00fablico que viaja y paga car\u00edsimas entradas para ver un espect\u00e1culo sin descafeinar, los partidarios de la autorregulaci\u00f3n siguen dando sobradas muestras de que no se puede contar con ellos para arreglar los problemas que tienen hoy los Toros.<\/p>\n","protected":false},"excerpt":{"rendered":"<p>El domingo hac\u00edamos tiempo en el Hotel Santa Mar\u00eda antes de la corrida, hablando de toros con un grupo de aficionados. Entre ellos se encontraba mi amigo y sempiterno abonado de la azotea de toril de El Puerto, Juan Luis Villanueva. Comentaba que la empresa Serolo hab\u00eda echado a la gente de la plaza este [&hellip;]<\/p>\n","protected":false},"author":1,"featured_media":4851,"comment_status":"open","ping_status":"open","sticky":false,"template":"","format":"standard","meta":{"footnotes":""},"categories":[5],"tags":[29],"class_list":["post-1604","post","type-post","status-publish","format-standard","has-post-thumbnail","hentry","category-general","tag-morante-de-la-puebla"],"yoast_head":"<!-- This site is optimized with the Yoast SEO plugin v27.4 - https:\/\/yoast.com\/product\/yoast-seo-wordpress\/ -->\n<title>Morante salva la temporada de El Puerto - Sitio web de Ignacio S\u00e1nchez-Mej\u00edas Herrero<\/title>\n<meta name=\"robots\" content=\"index, follow, max-snippet:-1, max-image-preview:large, max-video-preview:-1\" \/>\n<link rel=\"canonical\" href=\"https:\/\/www.ignaciosanchezmejias.es\/index.php\/2010\/08\/09\/morante-salva-la-temporada-de-el-puerto\/\" \/>\n<meta property=\"og:locale\" content=\"es_ES\" \/>\n<meta property=\"og:type\" content=\"article\" \/>\n<meta property=\"og:title\" content=\"Morante salva la temporada de El Puerto - Sitio web de Ignacio S\u00e1nchez-Mej\u00edas Herrero\" \/>\n<meta property=\"og:description\" content=\"El domingo hac\u00edamos tiempo en el Hotel Santa Mar\u00eda antes de la corrida, hablando de toros con un grupo de aficionados. Entre ellos se encontraba mi amigo y sempiterno abonado de la azotea de toril de El Puerto, Juan Luis Villanueva. Comentaba que la empresa Serolo hab\u00eda echado a la gente de la plaza este [&hellip;]\" \/>\n<meta property=\"og:url\" content=\"https:\/\/www.ignaciosanchezmejias.es\/index.php\/2010\/08\/09\/morante-salva-la-temporada-de-el-puerto\/\" \/>\n<meta property=\"og:site_name\" content=\"Sitio web de Ignacio S\u00e1nchez-Mej\u00edas Herrero\" \/>\n<meta property=\"article:published_time\" content=\"2010-08-09T20:20:53+00:00\" \/>\n<meta property=\"article:modified_time\" content=\"2021-01-15T10:20:27+00:00\" \/>\n<meta property=\"og:image\" content=\"https:\/\/www.ignaciosanchezmejias.es\/wp-content\/uploads\/2010\/08\/Morante-Puerto1.jpg\" \/>\n\t<meta property=\"og:image:width\" content=\"550\" \/>\n\t<meta property=\"og:image:height\" content=\"367\" \/>\n\t<meta property=\"og:image:type\" content=\"image\/jpeg\" \/>\n<meta name=\"author\" content=\"isanchezmejias\" \/>\n<meta name=\"twitter:card\" content=\"summary_large_image\" \/>\n<meta name=\"twitter:label1\" content=\"Escrito por\" \/>\n\t<meta name=\"twitter:data1\" content=\"isanchezmejias\" \/>\n\t<meta name=\"twitter:label2\" content=\"Tiempo de lectura\" \/>\n\t<meta name=\"twitter:data2\" content=\"2 minutos\" \/>\n<script type=\"application\/ld+json\" class=\"yoast-schema-graph\">{\"@context\":\"https:\\\/\\\/schema.org\",\"@graph\":[{\"@type\":\"Article\",\"@id\":\"https:\\\/\\\/www.ignaciosanchezmejias.es\\\/index.php\\\/2010\\\/08\\\/09\\\/morante-salva-la-temporada-de-el-puerto\\\/#article\",\"isPartOf\":{\"@id\":\"https:\\\/\\\/www.ignaciosanchezmejias.es\\\/index.php\\\/2010\\\/08\\\/09\\\/morante-salva-la-temporada-de-el-puerto\\\/\"},\"author\":{\"name\":\"isanchezmejias\",\"@id\":\"https:\\\/\\\/www.ignaciosanchezmejias.es\\\/#\\\/schema\\\/person\\\/494d20bda3404108c02016d5e608fc65\"},\"headline\":\"Morante salva la temporada de El Puerto\",\"datePublished\":\"2010-08-09T20:20:53+00:00\",\"dateModified\":\"2021-01-15T10:20:27+00:00\",\"mainEntityOfPage\":{\"@id\":\"https:\\\/\\\/www.ignaciosanchezmejias.es\\\/index.php\\\/2010\\\/08\\\/09\\\/morante-salva-la-temporada-de-el-puerto\\\/\"},\"wordCount\":503,\"commentCount\":9,\"publisher\":{\"@id\":\"https:\\\/\\\/www.ignaciosanchezmejias.es\\\/#\\\/schema\\\/person\\\/494d20bda3404108c02016d5e608fc65\"},\"image\":{\"@id\":\"https:\\\/\\\/www.ignaciosanchezmejias.es\\\/index.php\\\/2010\\\/08\\\/09\\\/morante-salva-la-temporada-de-el-puerto\\\/#primaryimage\"},\"thumbnailUrl\":\"https:\\\/\\\/www.ignaciosanchezmejias.es\\\/wp-content\\\/uploads\\\/2010\\\/08\\\/Morante-Puerto1.jpg\",\"keywords\":[\"Morante de la Puebla\"],\"articleSection\":[\"General\"],\"inLanguage\":\"es\",\"potentialAction\":[{\"@type\":\"CommentAction\",\"name\":\"Comment\",\"target\":[\"https:\\\/\\\/www.ignaciosanchezmejias.es\\\/index.php\\\/2010\\\/08\\\/09\\\/morante-salva-la-temporada-de-el-puerto\\\/#respond\"]}]},{\"@type\":\"WebPage\",\"@id\":\"https:\\\/\\\/www.ignaciosanchezmejias.es\\\/index.php\\\/2010\\\/08\\\/09\\\/morante-salva-la-temporada-de-el-puerto\\\/\",\"url\":\"https:\\\/\\\/www.ignaciosanchezmejias.es\\\/index.php\\\/2010\\\/08\\\/09\\\/morante-salva-la-temporada-de-el-puerto\\\/\",\"name\":\"Morante salva la temporada de El Puerto - Sitio web de Ignacio S\u00e1nchez-Mej\u00edas Herrero\",\"isPartOf\":{\"@id\":\"https:\\\/\\\/www.ignaciosanchezmejias.es\\\/#website\"},\"primaryImageOfPage\":{\"@id\":\"https:\\\/\\\/www.ignaciosanchezmejias.es\\\/index.php\\\/2010\\\/08\\\/09\\\/morante-salva-la-temporada-de-el-puerto\\\/#primaryimage\"},\"image\":{\"@id\":\"https:\\\/\\\/www.ignaciosanchezmejias.es\\\/index.php\\\/2010\\\/08\\\/09\\\/morante-salva-la-temporada-de-el-puerto\\\/#primaryimage\"},\"thumbnailUrl\":\"https:\\\/\\\/www.ignaciosanchezmejias.es\\\/wp-content\\\/uploads\\\/2010\\\/08\\\/Morante-Puerto1.jpg\",\"datePublished\":\"2010-08-09T20:20:53+00:00\",\"dateModified\":\"2021-01-15T10:20:27+00:00\",\"breadcrumb\":{\"@id\":\"https:\\\/\\\/www.ignaciosanchezmejias.es\\\/index.php\\\/2010\\\/08\\\/09\\\/morante-salva-la-temporada-de-el-puerto\\\/#breadcrumb\"},\"inLanguage\":\"es\",\"potentialAction\":[{\"@type\":\"ReadAction\",\"target\":[\"https:\\\/\\\/www.ignaciosanchezmejias.es\\\/index.php\\\/2010\\\/08\\\/09\\\/morante-salva-la-temporada-de-el-puerto\\\/\"]}]},{\"@type\":\"ImageObject\",\"inLanguage\":\"es\",\"@id\":\"https:\\\/\\\/www.ignaciosanchezmejias.es\\\/index.php\\\/2010\\\/08\\\/09\\\/morante-salva-la-temporada-de-el-puerto\\\/#primaryimage\",\"url\":\"https:\\\/\\\/www.ignaciosanchezmejias.es\\\/wp-content\\\/uploads\\\/2010\\\/08\\\/Morante-Puerto1.jpg\",\"contentUrl\":\"https:\\\/\\\/www.ignaciosanchezmejias.es\\\/wp-content\\\/uploads\\\/2010\\\/08\\\/Morante-Puerto1.jpg\",\"width\":550,\"height\":367,\"caption\":\"Foto. Eva Morales para laplazareal.net\"},{\"@type\":\"BreadcrumbList\",\"@id\":\"https:\\\/\\\/www.ignaciosanchezmejias.es\\\/index.php\\\/2010\\\/08\\\/09\\\/morante-salva-la-temporada-de-el-puerto\\\/#breadcrumb\",\"itemListElement\":[{\"@type\":\"ListItem\",\"position\":1,\"name\":\"Portada\",\"item\":\"https:\\\/\\\/www.ignaciosanchezmejias.es\\\/\"},{\"@type\":\"ListItem\",\"position\":2,\"name\":\"Morante salva la temporada de El Puerto\"}]},{\"@type\":\"WebSite\",\"@id\":\"https:\\\/\\\/www.ignaciosanchezmejias.es\\\/#website\",\"url\":\"https:\\\/\\\/www.ignaciosanchezmejias.es\\\/\",\"name\":\"Blog de Ignacio S\u00e1nchez-Mej\u00edas\",\"description\":\"Sitio personal ISM\",\"publisher\":{\"@id\":\"https:\\\/\\\/www.ignaciosanchezmejias.es\\\/#\\\/schema\\\/person\\\/494d20bda3404108c02016d5e608fc65\"},\"potentialAction\":[{\"@type\":\"SearchAction\",\"target\":{\"@type\":\"EntryPoint\",\"urlTemplate\":\"https:\\\/\\\/www.ignaciosanchezmejias.es\\\/?s={search_term_string}\"},\"query-input\":{\"@type\":\"PropertyValueSpecification\",\"valueRequired\":true,\"valueName\":\"search_term_string\"}}],\"inLanguage\":\"es\"},{\"@type\":[\"Person\",\"Organization\"],\"@id\":\"https:\\\/\\\/www.ignaciosanchezmejias.es\\\/#\\\/schema\\\/person\\\/494d20bda3404108c02016d5e608fc65\",\"name\":\"isanchezmejias\",\"image\":{\"@type\":\"ImageObject\",\"inLanguage\":\"es\",\"@id\":\"https:\\\/\\\/www.ignaciosanchezmejias.es\\\/wp-content\\\/uploads\\\/2020\\\/06\\\/cropped-Yo-antes.jpg\",\"url\":\"https:\\\/\\\/www.ignaciosanchezmejias.es\\\/wp-content\\\/uploads\\\/2020\\\/06\\\/cropped-Yo-antes.jpg\",\"contentUrl\":\"https:\\\/\\\/www.ignaciosanchezmejias.es\\\/wp-content\\\/uploads\\\/2020\\\/06\\\/cropped-Yo-antes.jpg\",\"width\":681,\"height\":482,\"caption\":\"isanchezmejias\"},\"logo\":{\"@id\":\"https:\\\/\\\/www.ignaciosanchezmejias.es\\\/wp-content\\\/uploads\\\/2020\\\/06\\\/cropped-Yo-antes.jpg\"},\"sameAs\":[\"https:\\\/\\\/www.ignaciosanchezmejias.es\"],\"url\":\"https:\\\/\\\/www.ignaciosanchezmejias.es\\\/index.php\\\/author\\\/isanchezmejias\\\/\"}]}<\/script>\n<!-- \/ Yoast SEO plugin. -->","yoast_head_json":{"title":"Morante salva la temporada de El Puerto - Sitio web de Ignacio S\u00e1nchez-Mej\u00edas Herrero","robots":{"index":"index","follow":"follow","max-snippet":"max-snippet:-1","max-image-preview":"max-image-preview:large","max-video-preview":"max-video-preview:-1"},"canonical":"https:\/\/www.ignaciosanchezmejias.es\/index.php\/2010\/08\/09\/morante-salva-la-temporada-de-el-puerto\/","og_locale":"es_ES","og_type":"article","og_title":"Morante salva la temporada de El Puerto - Sitio web de Ignacio S\u00e1nchez-Mej\u00edas Herrero","og_description":"El domingo hac\u00edamos tiempo en el Hotel Santa Mar\u00eda antes de la corrida, hablando de toros con un grupo de aficionados. Entre ellos se encontraba mi amigo y sempiterno abonado de la azotea de toril de El Puerto, Juan Luis Villanueva. Comentaba que la empresa Serolo hab\u00eda echado a la gente de la plaza este [&hellip;]","og_url":"https:\/\/www.ignaciosanchezmejias.es\/index.php\/2010\/08\/09\/morante-salva-la-temporada-de-el-puerto\/","og_site_name":"Sitio web de Ignacio S\u00e1nchez-Mej\u00edas Herrero","article_published_time":"2010-08-09T20:20:53+00:00","article_modified_time":"2021-01-15T10:20:27+00:00","og_image":[{"width":550,"height":367,"url":"https:\/\/www.ignaciosanchezmejias.es\/wp-content\/uploads\/2010\/08\/Morante-Puerto1.jpg","type":"image\/jpeg"}],"author":"isanchezmejias","twitter_card":"summary_large_image","twitter_misc":{"Escrito por":"isanchezmejias","Tiempo de lectura":"2 minutos"},"schema":{"@context":"https:\/\/schema.org","@graph":[{"@type":"Article","@id":"https:\/\/www.ignaciosanchezmejias.es\/index.php\/2010\/08\/09\/morante-salva-la-temporada-de-el-puerto\/#article","isPartOf":{"@id":"https:\/\/www.ignaciosanchezmejias.es\/index.php\/2010\/08\/09\/morante-salva-la-temporada-de-el-puerto\/"},"author":{"name":"isanchezmejias","@id":"https:\/\/www.ignaciosanchezmejias.es\/#\/schema\/person\/494d20bda3404108c02016d5e608fc65"},"headline":"Morante salva la temporada de El Puerto","datePublished":"2010-08-09T20:20:53+00:00","dateModified":"2021-01-15T10:20:27+00:00","mainEntityOfPage":{"@id":"https:\/\/www.ignaciosanchezmejias.es\/index.php\/2010\/08\/09\/morante-salva-la-temporada-de-el-puerto\/"},"wordCount":503,"commentCount":9,"publisher":{"@id":"https:\/\/www.ignaciosanchezmejias.es\/#\/schema\/person\/494d20bda3404108c02016d5e608fc65"},"image":{"@id":"https:\/\/www.ignaciosanchezmejias.es\/index.php\/2010\/08\/09\/morante-salva-la-temporada-de-el-puerto\/#primaryimage"},"thumbnailUrl":"https:\/\/www.ignaciosanchezmejias.es\/wp-content\/uploads\/2010\/08\/Morante-Puerto1.jpg","keywords":["Morante de la Puebla"],"articleSection":["General"],"inLanguage":"es","potentialAction":[{"@type":"CommentAction","name":"Comment","target":["https:\/\/www.ignaciosanchezmejias.es\/index.php\/2010\/08\/09\/morante-salva-la-temporada-de-el-puerto\/#respond"]}]},{"@type":"WebPage","@id":"https:\/\/www.ignaciosanchezmejias.es\/index.php\/2010\/08\/09\/morante-salva-la-temporada-de-el-puerto\/","url":"https:\/\/www.ignaciosanchezmejias.es\/index.php\/2010\/08\/09\/morante-salva-la-temporada-de-el-puerto\/","name":"Morante salva la temporada de El Puerto - Sitio web de Ignacio S\u00e1nchez-Mej\u00edas Herrero","isPartOf":{"@id":"https:\/\/www.ignaciosanchezmejias.es\/#website"},"primaryImageOfPage":{"@id":"https:\/\/www.ignaciosanchezmejias.es\/index.php\/2010\/08\/09\/morante-salva-la-temporada-de-el-puerto\/#primaryimage"},"image":{"@id":"https:\/\/www.ignaciosanchezmejias.es\/index.php\/2010\/08\/09\/morante-salva-la-temporada-de-el-puerto\/#primaryimage"},"thumbnailUrl":"https:\/\/www.ignaciosanchezmejias.es\/wp-content\/uploads\/2010\/08\/Morante-Puerto1.jpg","datePublished":"2010-08-09T20:20:53+00:00","dateModified":"2021-01-15T10:20:27+00:00","breadcrumb":{"@id":"https:\/\/www.ignaciosanchezmejias.es\/index.php\/2010\/08\/09\/morante-salva-la-temporada-de-el-puerto\/#breadcrumb"},"inLanguage":"es","potentialAction":[{"@type":"ReadAction","target":["https:\/\/www.ignaciosanchezmejias.es\/index.php\/2010\/08\/09\/morante-salva-la-temporada-de-el-puerto\/"]}]},{"@type":"ImageObject","inLanguage":"es","@id":"https:\/\/www.ignaciosanchezmejias.es\/index.php\/2010\/08\/09\/morante-salva-la-temporada-de-el-puerto\/#primaryimage","url":"https:\/\/www.ignaciosanchezmejias.es\/wp-content\/uploads\/2010\/08\/Morante-Puerto1.jpg","contentUrl":"https:\/\/www.ignaciosanchezmejias.es\/wp-content\/uploads\/2010\/08\/Morante-Puerto1.jpg","width":550,"height":367,"caption":"Foto. Eva Morales para laplazareal.net"},{"@type":"BreadcrumbList","@id":"https:\/\/www.ignaciosanchezmejias.es\/index.php\/2010\/08\/09\/morante-salva-la-temporada-de-el-puerto\/#breadcrumb","itemListElement":[{"@type":"ListItem","position":1,"name":"Portada","item":"https:\/\/www.ignaciosanchezmejias.es\/"},{"@type":"ListItem","position":2,"name":"Morante salva la temporada de El Puerto"}]},{"@type":"WebSite","@id":"https:\/\/www.ignaciosanchezmejias.es\/#website","url":"https:\/\/www.ignaciosanchezmejias.es\/","name":"Blog de Ignacio S\u00e1nchez-Mej\u00edas","description":"Sitio personal ISM","publisher":{"@id":"https:\/\/www.ignaciosanchezmejias.es\/#\/schema\/person\/494d20bda3404108c02016d5e608fc65"},"potentialAction":[{"@type":"SearchAction","target":{"@type":"EntryPoint","urlTemplate":"https:\/\/www.ignaciosanchezmejias.es\/?s={search_term_string}"},"query-input":{"@type":"PropertyValueSpecification","valueRequired":true,"valueName":"search_term_string"}}],"inLanguage":"es"},{"@type":["Person","Organization"],"@id":"https:\/\/www.ignaciosanchezmejias.es\/#\/schema\/person\/494d20bda3404108c02016d5e608fc65","name":"isanchezmejias","image":{"@type":"ImageObject","inLanguage":"es","@id":"https:\/\/www.ignaciosanchezmejias.es\/wp-content\/uploads\/2020\/06\/cropped-Yo-antes.jpg","url":"https:\/\/www.ignaciosanchezmejias.es\/wp-content\/uploads\/2020\/06\/cropped-Yo-antes.jpg","contentUrl":"https:\/\/www.ignaciosanchezmejias.es\/wp-content\/uploads\/2020\/06\/cropped-Yo-antes.jpg","width":681,"height":482,"caption":"isanchezmejias"},"logo":{"@id":"https:\/\/www.ignaciosanchezmejias.es\/wp-content\/uploads\/2020\/06\/cropped-Yo-antes.jpg"},"sameAs":["https:\/\/www.ignaciosanchezmejias.es"],"url":"https:\/\/www.ignaciosanchezmejias.es\/index.php\/author\/isanchezmejias\/"}]}},"_links":{"self":[{"href":"https:\/\/www.ignaciosanchezmejias.es\/index.php\/wp-json\/wp\/v2\/posts\/1604","targetHints":{"allow":["GET"]}}],"collection":[{"href":"https:\/\/www.ignaciosanchezmejias.es\/index.php\/wp-json\/wp\/v2\/posts"}],"about":[{"href":"https:\/\/www.ignaciosanchezmejias.es\/index.php\/wp-json\/wp\/v2\/types\/post"}],"author":[{"embeddable":true,"href":"https:\/\/www.ignaciosanchezmejias.es\/index.php\/wp-json\/wp\/v2\/users\/1"}],"replies":[{"embeddable":true,"href":"https:\/\/www.ignaciosanchezmejias.es\/index.php\/wp-json\/wp\/v2\/comments?post=1604"}],"version-history":[{"count":2,"href":"https:\/\/www.ignaciosanchezmejias.es\/index.php\/wp-json\/wp\/v2\/posts\/1604\/revisions"}],"predecessor-version":[{"id":4852,"href":"https:\/\/www.ignaciosanchezmejias.es\/index.php\/wp-json\/wp\/v2\/posts\/1604\/revisions\/4852"}],"wp:featuredmedia":[{"embeddable":true,"href":"https:\/\/www.ignaciosanchezmejias.es\/index.php\/wp-json\/wp\/v2\/media\/4851"}],"wp:attachment":[{"href":"https:\/\/www.ignaciosanchezmejias.es\/index.php\/wp-json\/wp\/v2\/media?parent=1604"}],"wp:term":[{"taxonomy":"category","embeddable":true,"href":"https:\/\/www.ignaciosanchezmejias.es\/index.php\/wp-json\/wp\/v2\/categories?post=1604"},{"taxonomy":"post_tag","embeddable":true,"href":"https:\/\/www.ignaciosanchezmejias.es\/index.php\/wp-json\/wp\/v2\/tags?post=1604"}],"curies":[{"name":"wp","href":"https:\/\/api.w.org\/{rel}","templated":true}]}}