{"id":1545,"date":"2010-06-20T23:20:32","date_gmt":"2010-06-20T22:20:32","guid":{"rendered":"http:\/\/blogs.sevilla.abc.es\/desdeeltendido2\/?p=1545"},"modified":"2021-01-14T16:48:24","modified_gmt":"2021-01-14T16:48:24","slug":"buena-novillada-de-el-serrano","status":"publish","type":"post","link":"https:\/\/www.ignaciosanchezmejias.es\/index.php\/2010\/06\/20\/buena-novillada-de-el-serrano\/","title":{"rendered":"Buena Novillada de El Serrano"},"content":{"rendered":"\n<p>La novillada de esta tarde &#8211; noche en la Maestranza ha estado bien presentada, en general. Con tres buenos novillos, primero, segundo y sexto, que deber\u00edan haber propiciado el triunfo de los novilleros. Jos\u00e9 Mar\u00eda Arenas y Jos\u00e9 Ar\u00e9valo, ven\u00edan placeados, habiendo cortado 36 y 40 orejas, respectivamente, la temporada pasada. Tal y como est\u00e1n las cosas con los novilleros y la crisis, estas cifras son todo un lujo.&nbsp;<\/p>\n\n\n\n<p>Arenas tiene un buen concepto del toreo. Al primero, que era un gran novillo, lo tore\u00f3 bien, quiz\u00e1s no le dio mas distancia que es lo que parec\u00eda pedir el novillo, y lo mat\u00f3 muy bien. En otras condiciones hubiera podido cortar la oreja. Al tercero le dej\u00f3 que le pegaran mucho en varas y tambi\u00e9n lo mat\u00f3 de una gran estacada. El sexto fue un buen novillo, y debi\u00f3 de cortarle la oreja si no pincha. Con lo bien que mat\u00f3 a los anteriores debi\u00f3 de dejar algo para este.<\/p>\n\n\n\n<p>Jos\u00e9 Arevalo no dejo de hacer aspavientos al tendido en toda la tarde. Novillero animoso, recibi\u00f3 a los dos a \u201cporta gayola\u201d, banderille\u00f3 y se hart\u00f3 de chillar. Cae simp\u00e1tico y, con suerte, cortar\u00e1 muchas orejas en plazas de tercera. Tanto \u00e9l como Arenas banderillearon a sus cinco novillos, a los primeros, conjuntamente, y mostraron siempre mucha disposici\u00f3n y ganas de agradar al p\u00fablico, que es lo memos que se les puede pedir a los que empiezan.<\/p>\n\n\n\n<p>Diego Silveti no tuvo suerte en su debut en Sevilla. Su primer novillo era deslucido, pero ha dejado buena impresi\u00f3n. Torea muy quieto, aguant\u00f3 coladas con capote y muleta sin mover las zapatillas. Buen quite por gaoneras. L\u00e1stima que result\u00f3 herido al entrar a matar, pasando a la enfermer\u00eda de forma torera. Las noticias que llegaron nos tranquilizaron, ya que hablaban de una cornada superficial (enti\u00e9ndase en el sentido de la superficialidad con que hablan los toreros), y que el domingo podr\u00e1 torear la Barcelona de la pol\u00e9mica.<\/p>\n\n\n\n<p>La empresa no lo tiene f\u00e1cil para componer el cartel de viernes de San Miguel con los novilleros triunfadores del abono. Quitando a Mart\u00edn N\u00fa\u00f1ez, no recuerdo que se haya cortado ninguna oreja m\u00e1s. As\u00ed que podr\u00e1n hacer un cartel a su gusto, quiz\u00e1s con alguno de los de hoy.<\/p>\n","protected":false},"excerpt":{"rendered":"<p>La novillada de esta tarde &#8211; noche en la Maestranza ha estado bien presentada, en general. Con tres buenos novillos, primero, segundo y sexto, que deber\u00edan haber propiciado el triunfo de los novilleros. Jos\u00e9 Mar\u00eda Arenas y Jos\u00e9 Ar\u00e9valo, ven\u00edan placeados, habiendo cortado 36 y 40 orejas, respectivamente, la temporada pasada. Tal y como est\u00e1n [&hellip;]<\/p>\n","protected":false},"author":1,"featured_media":4825,"comment_status":"open","ping_status":"open","sticky":false,"template":"","format":"standard","meta":{"footnotes":""},"categories":[416],"tags":[336,337,338,339],"class_list":["post-1545","post","type-post","status-publish","format-standard","has-post-thumbnail","hentry","category-abono-sevilla-2010","tag-diego-silveti","tag-el-serrano","tag-jose-arevalo","tag-jose-maria-arenas"],"yoast_head":"<!-- This site is optimized with the Yoast SEO plugin v27.5 - https:\/\/yoast.com\/product\/yoast-seo-wordpress\/ -->\n<title>Buena Novillada de El Serrano - Sitio web de Ignacio S\u00e1nchez-Mej\u00edas Herrero<\/title>\n<meta name=\"robots\" content=\"index, follow, max-snippet:-1, max-image-preview:large, max-video-preview:-1\" \/>\n<link rel=\"canonical\" href=\"https:\/\/www.ignaciosanchezmejias.es\/index.php\/2010\/06\/20\/buena-novillada-de-el-serrano\/\" \/>\n<meta property=\"og:locale\" content=\"es_ES\" \/>\n<meta property=\"og:type\" content=\"article\" \/>\n<meta property=\"og:title\" content=\"Buena Novillada de El Serrano - Sitio web de Ignacio S\u00e1nchez-Mej\u00edas Herrero\" \/>\n<meta property=\"og:description\" content=\"La novillada de esta tarde &#8211; noche en la Maestranza ha estado bien presentada, en general. Con tres buenos novillos, primero, segundo y sexto, que deber\u00edan haber propiciado el triunfo de los novilleros. Jos\u00e9 Mar\u00eda Arenas y Jos\u00e9 Ar\u00e9valo, ven\u00edan placeados, habiendo cortado 36 y 40 orejas, respectivamente, la temporada pasada. Tal y como est\u00e1n [&hellip;]\" \/>\n<meta property=\"og:url\" content=\"https:\/\/www.ignaciosanchezmejias.es\/index.php\/2010\/06\/20\/buena-novillada-de-el-serrano\/\" \/>\n<meta property=\"og:site_name\" content=\"Sitio web de Ignacio S\u00e1nchez-Mej\u00edas Herrero\" \/>\n<meta property=\"article:published_time\" content=\"2010-06-20T22:20:32+00:00\" \/>\n<meta property=\"article:modified_time\" content=\"2021-01-14T16:48:24+00:00\" \/>\n<meta property=\"og:image\" content=\"https:\/\/www.ignaciosanchezmejias.es\/wp-content\/uploads\/2010\/06\/016-silveti.jpg\" \/>\n\t<meta property=\"og:image:width\" content=\"427\" \/>\n\t<meta property=\"og:image:height\" content=\"640\" \/>\n\t<meta property=\"og:image:type\" content=\"image\/jpeg\" \/>\n<meta name=\"author\" content=\"isanchezmejias\" \/>\n<meta name=\"twitter:card\" content=\"summary_large_image\" \/>\n<meta name=\"twitter:label1\" content=\"Escrito por\" \/>\n\t<meta name=\"twitter:data1\" content=\"isanchezmejias\" \/>\n\t<meta name=\"twitter:label2\" content=\"Tiempo de lectura\" \/>\n\t<meta name=\"twitter:data2\" content=\"2 minutos\" \/>\n<script type=\"application\/ld+json\" class=\"yoast-schema-graph\">{\"@context\":\"https:\\\/\\\/schema.org\",\"@graph\":[{\"@type\":\"Article\",\"@id\":\"https:\\\/\\\/www.ignaciosanchezmejias.es\\\/index.php\\\/2010\\\/06\\\/20\\\/buena-novillada-de-el-serrano\\\/#article\",\"isPartOf\":{\"@id\":\"https:\\\/\\\/www.ignaciosanchezmejias.es\\\/index.php\\\/2010\\\/06\\\/20\\\/buena-novillada-de-el-serrano\\\/\"},\"author\":{\"name\":\"isanchezmejias\",\"@id\":\"https:\\\/\\\/www.ignaciosanchezmejias.es\\\/#\\\/schema\\\/person\\\/494d20bda3404108c02016d5e608fc65\"},\"headline\":\"Buena Novillada de El Serrano\",\"datePublished\":\"2010-06-20T22:20:32+00:00\",\"dateModified\":\"2021-01-14T16:48:24+00:00\",\"mainEntityOfPage\":{\"@id\":\"https:\\\/\\\/www.ignaciosanchezmejias.es\\\/index.php\\\/2010\\\/06\\\/20\\\/buena-novillada-de-el-serrano\\\/\"},\"wordCount\":401,\"commentCount\":1,\"publisher\":{\"@id\":\"https:\\\/\\\/www.ignaciosanchezmejias.es\\\/#\\\/schema\\\/person\\\/494d20bda3404108c02016d5e608fc65\"},\"image\":{\"@id\":\"https:\\\/\\\/www.ignaciosanchezmejias.es\\\/index.php\\\/2010\\\/06\\\/20\\\/buena-novillada-de-el-serrano\\\/#primaryimage\"},\"thumbnailUrl\":\"https:\\\/\\\/www.ignaciosanchezmejias.es\\\/wp-content\\\/uploads\\\/2010\\\/06\\\/016-silveti.jpg\",\"keywords\":[\"Diego Silveti\",\"El Serrano\",\"Jos\u00e9 Arevalo\",\"Jos\u00e9 Mar\u00eda Arenas\"],\"articleSection\":[\"Abono Sevilla 2010\"],\"inLanguage\":\"es\",\"potentialAction\":[{\"@type\":\"CommentAction\",\"name\":\"Comment\",\"target\":[\"https:\\\/\\\/www.ignaciosanchezmejias.es\\\/index.php\\\/2010\\\/06\\\/20\\\/buena-novillada-de-el-serrano\\\/#respond\"]}]},{\"@type\":\"WebPage\",\"@id\":\"https:\\\/\\\/www.ignaciosanchezmejias.es\\\/index.php\\\/2010\\\/06\\\/20\\\/buena-novillada-de-el-serrano\\\/\",\"url\":\"https:\\\/\\\/www.ignaciosanchezmejias.es\\\/index.php\\\/2010\\\/06\\\/20\\\/buena-novillada-de-el-serrano\\\/\",\"name\":\"Buena Novillada de El Serrano - Sitio web de Ignacio S\u00e1nchez-Mej\u00edas Herrero\",\"isPartOf\":{\"@id\":\"https:\\\/\\\/www.ignaciosanchezmejias.es\\\/#website\"},\"primaryImageOfPage\":{\"@id\":\"https:\\\/\\\/www.ignaciosanchezmejias.es\\\/index.php\\\/2010\\\/06\\\/20\\\/buena-novillada-de-el-serrano\\\/#primaryimage\"},\"image\":{\"@id\":\"https:\\\/\\\/www.ignaciosanchezmejias.es\\\/index.php\\\/2010\\\/06\\\/20\\\/buena-novillada-de-el-serrano\\\/#primaryimage\"},\"thumbnailUrl\":\"https:\\\/\\\/www.ignaciosanchezmejias.es\\\/wp-content\\\/uploads\\\/2010\\\/06\\\/016-silveti.jpg\",\"datePublished\":\"2010-06-20T22:20:32+00:00\",\"dateModified\":\"2021-01-14T16:48:24+00:00\",\"breadcrumb\":{\"@id\":\"https:\\\/\\\/www.ignaciosanchezmejias.es\\\/index.php\\\/2010\\\/06\\\/20\\\/buena-novillada-de-el-serrano\\\/#breadcrumb\"},\"inLanguage\":\"es\",\"potentialAction\":[{\"@type\":\"ReadAction\",\"target\":[\"https:\\\/\\\/www.ignaciosanchezmejias.es\\\/index.php\\\/2010\\\/06\\\/20\\\/buena-novillada-de-el-serrano\\\/\"]}]},{\"@type\":\"ImageObject\",\"inLanguage\":\"es\",\"@id\":\"https:\\\/\\\/www.ignaciosanchezmejias.es\\\/index.php\\\/2010\\\/06\\\/20\\\/buena-novillada-de-el-serrano\\\/#primaryimage\",\"url\":\"https:\\\/\\\/www.ignaciosanchezmejias.es\\\/wp-content\\\/uploads\\\/2010\\\/06\\\/016-silveti.jpg\",\"contentUrl\":\"https:\\\/\\\/www.ignaciosanchezmejias.es\\\/wp-content\\\/uploads\\\/2010\\\/06\\\/016-silveti.jpg\",\"width\":427,\"height\":640,\"caption\":\"Foto.sevillataurina.com\"},{\"@type\":\"BreadcrumbList\",\"@id\":\"https:\\\/\\\/www.ignaciosanchezmejias.es\\\/index.php\\\/2010\\\/06\\\/20\\\/buena-novillada-de-el-serrano\\\/#breadcrumb\",\"itemListElement\":[{\"@type\":\"ListItem\",\"position\":1,\"name\":\"Portada\",\"item\":\"https:\\\/\\\/www.ignaciosanchezmejias.es\\\/\"},{\"@type\":\"ListItem\",\"position\":2,\"name\":\"Buena Novillada de El Serrano\"}]},{\"@type\":\"WebSite\",\"@id\":\"https:\\\/\\\/www.ignaciosanchezmejias.es\\\/#website\",\"url\":\"https:\\\/\\\/www.ignaciosanchezmejias.es\\\/\",\"name\":\"Blog de Ignacio S\u00e1nchez-Mej\u00edas\",\"description\":\"Sitio personal ISM\",\"publisher\":{\"@id\":\"https:\\\/\\\/www.ignaciosanchezmejias.es\\\/#\\\/schema\\\/person\\\/494d20bda3404108c02016d5e608fc65\"},\"potentialAction\":[{\"@type\":\"SearchAction\",\"target\":{\"@type\":\"EntryPoint\",\"urlTemplate\":\"https:\\\/\\\/www.ignaciosanchezmejias.es\\\/?s={search_term_string}\"},\"query-input\":{\"@type\":\"PropertyValueSpecification\",\"valueRequired\":true,\"valueName\":\"search_term_string\"}}],\"inLanguage\":\"es\"},{\"@type\":[\"Person\",\"Organization\"],\"@id\":\"https:\\\/\\\/www.ignaciosanchezmejias.es\\\/#\\\/schema\\\/person\\\/494d20bda3404108c02016d5e608fc65\",\"name\":\"isanchezmejias\",\"image\":{\"@type\":\"ImageObject\",\"inLanguage\":\"es\",\"@id\":\"https:\\\/\\\/www.ignaciosanchezmejias.es\\\/wp-content\\\/uploads\\\/2020\\\/06\\\/cropped-Yo-antes.jpg\",\"url\":\"https:\\\/\\\/www.ignaciosanchezmejias.es\\\/wp-content\\\/uploads\\\/2020\\\/06\\\/cropped-Yo-antes.jpg\",\"contentUrl\":\"https:\\\/\\\/www.ignaciosanchezmejias.es\\\/wp-content\\\/uploads\\\/2020\\\/06\\\/cropped-Yo-antes.jpg\",\"width\":681,\"height\":482,\"caption\":\"isanchezmejias\"},\"logo\":{\"@id\":\"https:\\\/\\\/www.ignaciosanchezmejias.es\\\/wp-content\\\/uploads\\\/2020\\\/06\\\/cropped-Yo-antes.jpg\"},\"sameAs\":[\"https:\\\/\\\/www.ignaciosanchezmejias.es\"],\"url\":\"https:\\\/\\\/www.ignaciosanchezmejias.es\\\/index.php\\\/author\\\/isanchezmejias\\\/\"}]}<\/script>\n<!-- \/ Yoast SEO plugin. -->","yoast_head_json":{"title":"Buena Novillada de El Serrano - Sitio web de Ignacio S\u00e1nchez-Mej\u00edas Herrero","robots":{"index":"index","follow":"follow","max-snippet":"max-snippet:-1","max-image-preview":"max-image-preview:large","max-video-preview":"max-video-preview:-1"},"canonical":"https:\/\/www.ignaciosanchezmejias.es\/index.php\/2010\/06\/20\/buena-novillada-de-el-serrano\/","og_locale":"es_ES","og_type":"article","og_title":"Buena Novillada de El Serrano - Sitio web de Ignacio S\u00e1nchez-Mej\u00edas Herrero","og_description":"La novillada de esta tarde &#8211; noche en la Maestranza ha estado bien presentada, en general. Con tres buenos novillos, primero, segundo y sexto, que deber\u00edan haber propiciado el triunfo de los novilleros. Jos\u00e9 Mar\u00eda Arenas y Jos\u00e9 Ar\u00e9valo, ven\u00edan placeados, habiendo cortado 36 y 40 orejas, respectivamente, la temporada pasada. Tal y como est\u00e1n [&hellip;]","og_url":"https:\/\/www.ignaciosanchezmejias.es\/index.php\/2010\/06\/20\/buena-novillada-de-el-serrano\/","og_site_name":"Sitio web de Ignacio S\u00e1nchez-Mej\u00edas Herrero","article_published_time":"2010-06-20T22:20:32+00:00","article_modified_time":"2021-01-14T16:48:24+00:00","og_image":[{"width":427,"height":640,"url":"https:\/\/www.ignaciosanchezmejias.es\/wp-content\/uploads\/2010\/06\/016-silveti.jpg","type":"image\/jpeg"}],"author":"isanchezmejias","twitter_card":"summary_large_image","twitter_misc":{"Escrito por":"isanchezmejias","Tiempo de lectura":"2 minutos"},"schema":{"@context":"https:\/\/schema.org","@graph":[{"@type":"Article","@id":"https:\/\/www.ignaciosanchezmejias.es\/index.php\/2010\/06\/20\/buena-novillada-de-el-serrano\/#article","isPartOf":{"@id":"https:\/\/www.ignaciosanchezmejias.es\/index.php\/2010\/06\/20\/buena-novillada-de-el-serrano\/"},"author":{"name":"isanchezmejias","@id":"https:\/\/www.ignaciosanchezmejias.es\/#\/schema\/person\/494d20bda3404108c02016d5e608fc65"},"headline":"Buena Novillada de El Serrano","datePublished":"2010-06-20T22:20:32+00:00","dateModified":"2021-01-14T16:48:24+00:00","mainEntityOfPage":{"@id":"https:\/\/www.ignaciosanchezmejias.es\/index.php\/2010\/06\/20\/buena-novillada-de-el-serrano\/"},"wordCount":401,"commentCount":1,"publisher":{"@id":"https:\/\/www.ignaciosanchezmejias.es\/#\/schema\/person\/494d20bda3404108c02016d5e608fc65"},"image":{"@id":"https:\/\/www.ignaciosanchezmejias.es\/index.php\/2010\/06\/20\/buena-novillada-de-el-serrano\/#primaryimage"},"thumbnailUrl":"https:\/\/www.ignaciosanchezmejias.es\/wp-content\/uploads\/2010\/06\/016-silveti.jpg","keywords":["Diego Silveti","El Serrano","Jos\u00e9 Arevalo","Jos\u00e9 Mar\u00eda Arenas"],"articleSection":["Abono Sevilla 2010"],"inLanguage":"es","potentialAction":[{"@type":"CommentAction","name":"Comment","target":["https:\/\/www.ignaciosanchezmejias.es\/index.php\/2010\/06\/20\/buena-novillada-de-el-serrano\/#respond"]}]},{"@type":"WebPage","@id":"https:\/\/www.ignaciosanchezmejias.es\/index.php\/2010\/06\/20\/buena-novillada-de-el-serrano\/","url":"https:\/\/www.ignaciosanchezmejias.es\/index.php\/2010\/06\/20\/buena-novillada-de-el-serrano\/","name":"Buena Novillada de El Serrano - Sitio web de Ignacio S\u00e1nchez-Mej\u00edas Herrero","isPartOf":{"@id":"https:\/\/www.ignaciosanchezmejias.es\/#website"},"primaryImageOfPage":{"@id":"https:\/\/www.ignaciosanchezmejias.es\/index.php\/2010\/06\/20\/buena-novillada-de-el-serrano\/#primaryimage"},"image":{"@id":"https:\/\/www.ignaciosanchezmejias.es\/index.php\/2010\/06\/20\/buena-novillada-de-el-serrano\/#primaryimage"},"thumbnailUrl":"https:\/\/www.ignaciosanchezmejias.es\/wp-content\/uploads\/2010\/06\/016-silveti.jpg","datePublished":"2010-06-20T22:20:32+00:00","dateModified":"2021-01-14T16:48:24+00:00","breadcrumb":{"@id":"https:\/\/www.ignaciosanchezmejias.es\/index.php\/2010\/06\/20\/buena-novillada-de-el-serrano\/#breadcrumb"},"inLanguage":"es","potentialAction":[{"@type":"ReadAction","target":["https:\/\/www.ignaciosanchezmejias.es\/index.php\/2010\/06\/20\/buena-novillada-de-el-serrano\/"]}]},{"@type":"ImageObject","inLanguage":"es","@id":"https:\/\/www.ignaciosanchezmejias.es\/index.php\/2010\/06\/20\/buena-novillada-de-el-serrano\/#primaryimage","url":"https:\/\/www.ignaciosanchezmejias.es\/wp-content\/uploads\/2010\/06\/016-silveti.jpg","contentUrl":"https:\/\/www.ignaciosanchezmejias.es\/wp-content\/uploads\/2010\/06\/016-silveti.jpg","width":427,"height":640,"caption":"Foto.sevillataurina.com"},{"@type":"BreadcrumbList","@id":"https:\/\/www.ignaciosanchezmejias.es\/index.php\/2010\/06\/20\/buena-novillada-de-el-serrano\/#breadcrumb","itemListElement":[{"@type":"ListItem","position":1,"name":"Portada","item":"https:\/\/www.ignaciosanchezmejias.es\/"},{"@type":"ListItem","position":2,"name":"Buena Novillada de El Serrano"}]},{"@type":"WebSite","@id":"https:\/\/www.ignaciosanchezmejias.es\/#website","url":"https:\/\/www.ignaciosanchezmejias.es\/","name":"Blog de Ignacio S\u00e1nchez-Mej\u00edas","description":"Sitio personal ISM","publisher":{"@id":"https:\/\/www.ignaciosanchezmejias.es\/#\/schema\/person\/494d20bda3404108c02016d5e608fc65"},"potentialAction":[{"@type":"SearchAction","target":{"@type":"EntryPoint","urlTemplate":"https:\/\/www.ignaciosanchezmejias.es\/?s={search_term_string}"},"query-input":{"@type":"PropertyValueSpecification","valueRequired":true,"valueName":"search_term_string"}}],"inLanguage":"es"},{"@type":["Person","Organization"],"@id":"https:\/\/www.ignaciosanchezmejias.es\/#\/schema\/person\/494d20bda3404108c02016d5e608fc65","name":"isanchezmejias","image":{"@type":"ImageObject","inLanguage":"es","@id":"https:\/\/www.ignaciosanchezmejias.es\/wp-content\/uploads\/2020\/06\/cropped-Yo-antes.jpg","url":"https:\/\/www.ignaciosanchezmejias.es\/wp-content\/uploads\/2020\/06\/cropped-Yo-antes.jpg","contentUrl":"https:\/\/www.ignaciosanchezmejias.es\/wp-content\/uploads\/2020\/06\/cropped-Yo-antes.jpg","width":681,"height":482,"caption":"isanchezmejias"},"logo":{"@id":"https:\/\/www.ignaciosanchezmejias.es\/wp-content\/uploads\/2020\/06\/cropped-Yo-antes.jpg"},"sameAs":["https:\/\/www.ignaciosanchezmejias.es"],"url":"https:\/\/www.ignaciosanchezmejias.es\/index.php\/author\/isanchezmejias\/"}]}},"_links":{"self":[{"href":"https:\/\/www.ignaciosanchezmejias.es\/index.php\/wp-json\/wp\/v2\/posts\/1545","targetHints":{"allow":["GET"]}}],"collection":[{"href":"https:\/\/www.ignaciosanchezmejias.es\/index.php\/wp-json\/wp\/v2\/posts"}],"about":[{"href":"https:\/\/www.ignaciosanchezmejias.es\/index.php\/wp-json\/wp\/v2\/types\/post"}],"author":[{"embeddable":true,"href":"https:\/\/www.ignaciosanchezmejias.es\/index.php\/wp-json\/wp\/v2\/users\/1"}],"replies":[{"embeddable":true,"href":"https:\/\/www.ignaciosanchezmejias.es\/index.php\/wp-json\/wp\/v2\/comments?post=1545"}],"version-history":[{"count":2,"href":"https:\/\/www.ignaciosanchezmejias.es\/index.php\/wp-json\/wp\/v2\/posts\/1545\/revisions"}],"predecessor-version":[{"id":4827,"href":"https:\/\/www.ignaciosanchezmejias.es\/index.php\/wp-json\/wp\/v2\/posts\/1545\/revisions\/4827"}],"wp:featuredmedia":[{"embeddable":true,"href":"https:\/\/www.ignaciosanchezmejias.es\/index.php\/wp-json\/wp\/v2\/media\/4825"}],"wp:attachment":[{"href":"https:\/\/www.ignaciosanchezmejias.es\/index.php\/wp-json\/wp\/v2\/media?parent=1545"}],"wp:term":[{"taxonomy":"category","embeddable":true,"href":"https:\/\/www.ignaciosanchezmejias.es\/index.php\/wp-json\/wp\/v2\/categories?post=1545"},{"taxonomy":"post_tag","embeddable":true,"href":"https:\/\/www.ignaciosanchezmejias.es\/index.php\/wp-json\/wp\/v2\/tags?post=1545"}],"curies":[{"name":"wp","href":"https:\/\/api.w.org\/{rel}","templated":true}]}}