{"id":1534,"date":"2010-06-18T15:16:22","date_gmt":"2010-06-18T14:16:22","guid":{"rendered":"http:\/\/blogs.sevilla.abc.es\/desdeeltendido2\/?p=1534"},"modified":"2021-01-14T16:42:05","modified_gmt":"2021-01-14T16:42:05","slug":"iii-premio-manuel-ramirez","status":"publish","type":"post","link":"https:\/\/www.ignaciosanchezmejias.es\/index.php\/2010\/06\/18\/iii-premio-manuel-ramirez\/","title":{"rendered":"III Premio Manuel Ram\u00edrez"},"content":{"rendered":"\n<p>Como ustedes conocen, este a\u00f1o se acordaron de m\u00ed para formar parte del jurado que otorg\u00f3 el III Premio de Periodismo Taurino Manuel Ram\u00edrez, al escritor Mario Vargas Llosa. Este jurado es itinerante, esto es, que lo cambian todos los a\u00f1os, con lo que no tendr\u00e9 el honor de repetir. Seg\u00fan su patrocinador, D. Jos\u00e9 Moya, presidente de la empresa PERSAN, esto es as\u00ed porque si no rota el jurado, al final se creen que mandan ellos en vez de PERSAN. Sabio razonamiento.<\/p>\n\n\n\n<p>Como miembro irrepetible del jurado, tuve el placer de asistir al tentadero que en honor del premiado organiz\u00f3 el Sr. Moya en su finca de El Parralejo. Coincide que esta finca\u00a0 hab\u00eda sido antes de uno de \u00a0los hijos del dictador Trujillo, que es un personaje b\u00e1sico en\u00a0la novela \u00abLa Fiesta del Chivo\u00bb, de nuestro galardonado escritor. Nos impresion\u00f3 la naturalidad y sencillez de este narrador capaz de fabular\u00a0de manera extraordinaria, a veces desde la realidad y en otras ocasiones construyendo universos exclusivos, con un estilo impecable.<\/p>\n\n\n\n<p>Tent\u00f3 Finito de C\u00f3rdoba que, despose\u00eddo de las incertidumbres que tiene ante el toro, es un torero cabal, profundo y artista, por lo que verlo torear es un placer. Se tentaron tres vacas y un novillote, que ir\u00e1 para semental. Tan bueno era que hasta el maestro D\u00e1vila Miura, tambi\u00e9n miembro irrepetible de este jurado y retirado, como ustedes saben, se tir\u00f3 al ruedo vestido de particular y dibuj\u00f3, ya con el novillo agotado, dos tandas con su a\u00f1orado estilo de largo. Le devolvi\u00f3 los trastos a Finito con un agradecido: Juan \u201cesta muleta torea sola\u201d.<\/p>\n\n\n\n<p>Si agradable fue la velada taurina, aun mejor fue el agasajo posterior, y siguiendo el refr\u00e1n \u201cal invitado primero por ru\u00edn que sea\u201d todos los invitados gozamos de la espl\u00e9ndida hospitalidad de nuestros anfitriones. S\u00ed puedo decir que disfrut\u00e9 de la conversaci\u00f3n de Finito casi&nbsp;m\u00e1s que de su faena taurina. Ya saben que cuando coincido con profesionales suelo escuchar m\u00e1s que hablar.&nbsp;La exposici\u00f3n que hizo Juan Serrano sobre la desuni\u00f3n de la profesi\u00f3n, con todo lujo de sucedidos y&nbsp;razonamientos, fue espectacular. A ella se a\u00f1adieron, con la misma autenticidad, el maestro D\u00e1vila Miura y el ganadero Borja Domecq.&nbsp;Un lujo de debate.<\/p>\n\n\n\n<p>Por la noche entrega de premios en la casa de ABC de Sevilla. Les dejo <a href=\"http:\/\/sevilla.abc.es\/20100618\/cultura-toros\/vargas-llosa-pide-libertad-201006180231.html\" target=\"_self\" rel=\"noopener\">enlazada la noticia<\/a>. Lo que m\u00e1s me gusta de esta celebraci\u00f3n es la cantidad de gente del toro que asiste a ella.<\/p>\n\n\n\n<p>L\u00e1stima que es&nbsp;ef\u00edmero este placer de ser jurado de un extraordinario premio.<\/p>\n","protected":false},"excerpt":{"rendered":"<p>Como ustedes conocen, este a\u00f1o se acordaron de m\u00ed para formar parte del jurado que otorg\u00f3 el III Premio de Periodismo Taurino Manuel Ram\u00edrez, al escritor Mario Vargas Llosa. Este jurado es itinerante, esto es, que lo cambian todos los a\u00f1os, con lo que no tendr\u00e9 el honor de repetir. Seg\u00fan su patrocinador, D. Jos\u00e9 [&hellip;]<\/p>\n","protected":false},"author":1,"featured_media":4822,"comment_status":"open","ping_status":"open","sticky":false,"template":"","format":"standard","meta":{"footnotes":""},"categories":[5],"tags":[53,163,28,147,420],"class_list":["post-1534","post","type-post","status-publish","format-standard","has-post-thumbnail","hentry","category-general","tag-davila-miura","tag-el-parralejo","tag-finito-de-cordoba","tag-premio-manuel-ramirez","tag-vargas-llosa"],"yoast_head":"<!-- This site is optimized with the Yoast SEO plugin v27.5 - https:\/\/yoast.com\/product\/yoast-seo-wordpress\/ -->\n<title>III Premio Manuel Ram\u00edrez - Sitio web de Ignacio S\u00e1nchez-Mej\u00edas Herrero<\/title>\n<meta name=\"robots\" content=\"index, follow, max-snippet:-1, max-image-preview:large, max-video-preview:-1\" \/>\n<link rel=\"canonical\" href=\"https:\/\/www.ignaciosanchezmejias.es\/index.php\/2010\/06\/18\/iii-premio-manuel-ramirez\/\" \/>\n<meta property=\"og:locale\" content=\"es_ES\" \/>\n<meta property=\"og:type\" content=\"article\" \/>\n<meta property=\"og:title\" content=\"III Premio Manuel Ram\u00edrez - Sitio web de Ignacio S\u00e1nchez-Mej\u00edas Herrero\" \/>\n<meta property=\"og:description\" content=\"Como ustedes conocen, este a\u00f1o se acordaron de m\u00ed para formar parte del jurado que otorg\u00f3 el III Premio de Periodismo Taurino Manuel Ram\u00edrez, al escritor Mario Vargas Llosa. Este jurado es itinerante, esto es, que lo cambian todos los a\u00f1os, con lo que no tendr\u00e9 el honor de repetir. Seg\u00fan su patrocinador, D. Jos\u00e9 [&hellip;]\" \/>\n<meta property=\"og:url\" content=\"https:\/\/www.ignaciosanchezmejias.es\/index.php\/2010\/06\/18\/iii-premio-manuel-ramirez\/\" \/>\n<meta property=\"og:site_name\" content=\"Sitio web de Ignacio S\u00e1nchez-Mej\u00edas Herrero\" \/>\n<meta property=\"article:published_time\" content=\"2010-06-18T14:16:22+00:00\" \/>\n<meta property=\"article:modified_time\" content=\"2021-01-14T16:42:05+00:00\" \/>\n<meta property=\"og:image\" content=\"https:\/\/www.ignaciosanchezmejias.es\/wp-content\/uploads\/2010\/06\/vargas-llosa.jpg\" \/>\n\t<meta property=\"og:image:width\" content=\"790\" \/>\n\t<meta property=\"og:image:height\" content=\"836\" \/>\n\t<meta property=\"og:image:type\" content=\"image\/jpeg\" \/>\n<meta name=\"author\" content=\"isanchezmejias\" \/>\n<meta name=\"twitter:card\" content=\"summary_large_image\" \/>\n<meta name=\"twitter:label1\" content=\"Escrito por\" \/>\n\t<meta name=\"twitter:data1\" content=\"isanchezmejias\" \/>\n\t<meta name=\"twitter:label2\" content=\"Tiempo de lectura\" \/>\n\t<meta name=\"twitter:data2\" content=\"2 minutos\" \/>\n<script type=\"application\/ld+json\" class=\"yoast-schema-graph\">{\"@context\":\"https:\\\/\\\/schema.org\",\"@graph\":[{\"@type\":\"Article\",\"@id\":\"https:\\\/\\\/www.ignaciosanchezmejias.es\\\/index.php\\\/2010\\\/06\\\/18\\\/iii-premio-manuel-ramirez\\\/#article\",\"isPartOf\":{\"@id\":\"https:\\\/\\\/www.ignaciosanchezmejias.es\\\/index.php\\\/2010\\\/06\\\/18\\\/iii-premio-manuel-ramirez\\\/\"},\"author\":{\"name\":\"isanchezmejias\",\"@id\":\"https:\\\/\\\/www.ignaciosanchezmejias.es\\\/#\\\/schema\\\/person\\\/494d20bda3404108c02016d5e608fc65\"},\"headline\":\"III Premio Manuel Ram\u00edrez\",\"datePublished\":\"2010-06-18T14:16:22+00:00\",\"dateModified\":\"2021-01-14T16:42:05+00:00\",\"mainEntityOfPage\":{\"@id\":\"https:\\\/\\\/www.ignaciosanchezmejias.es\\\/index.php\\\/2010\\\/06\\\/18\\\/iii-premio-manuel-ramirez\\\/\"},\"wordCount\":459,\"commentCount\":5,\"publisher\":{\"@id\":\"https:\\\/\\\/www.ignaciosanchezmejias.es\\\/#\\\/schema\\\/person\\\/494d20bda3404108c02016d5e608fc65\"},\"image\":{\"@id\":\"https:\\\/\\\/www.ignaciosanchezmejias.es\\\/index.php\\\/2010\\\/06\\\/18\\\/iii-premio-manuel-ramirez\\\/#primaryimage\"},\"thumbnailUrl\":\"https:\\\/\\\/www.ignaciosanchezmejias.es\\\/wp-content\\\/uploads\\\/2010\\\/06\\\/vargas-llosa.jpg\",\"keywords\":[\"D\u00e1vila Miura\",\"El Parralejo\",\"Finito de C\u00f3rdoba\",\"Premio Manuel Ram\u00edrez\",\"Vargas Llosa\"],\"articleSection\":[\"General\"],\"inLanguage\":\"es\",\"potentialAction\":[{\"@type\":\"CommentAction\",\"name\":\"Comment\",\"target\":[\"https:\\\/\\\/www.ignaciosanchezmejias.es\\\/index.php\\\/2010\\\/06\\\/18\\\/iii-premio-manuel-ramirez\\\/#respond\"]}]},{\"@type\":\"WebPage\",\"@id\":\"https:\\\/\\\/www.ignaciosanchezmejias.es\\\/index.php\\\/2010\\\/06\\\/18\\\/iii-premio-manuel-ramirez\\\/\",\"url\":\"https:\\\/\\\/www.ignaciosanchezmejias.es\\\/index.php\\\/2010\\\/06\\\/18\\\/iii-premio-manuel-ramirez\\\/\",\"name\":\"III Premio Manuel Ram\u00edrez - Sitio web de Ignacio S\u00e1nchez-Mej\u00edas Herrero\",\"isPartOf\":{\"@id\":\"https:\\\/\\\/www.ignaciosanchezmejias.es\\\/#website\"},\"primaryImageOfPage\":{\"@id\":\"https:\\\/\\\/www.ignaciosanchezmejias.es\\\/index.php\\\/2010\\\/06\\\/18\\\/iii-premio-manuel-ramirez\\\/#primaryimage\"},\"image\":{\"@id\":\"https:\\\/\\\/www.ignaciosanchezmejias.es\\\/index.php\\\/2010\\\/06\\\/18\\\/iii-premio-manuel-ramirez\\\/#primaryimage\"},\"thumbnailUrl\":\"https:\\\/\\\/www.ignaciosanchezmejias.es\\\/wp-content\\\/uploads\\\/2010\\\/06\\\/vargas-llosa.jpg\",\"datePublished\":\"2010-06-18T14:16:22+00:00\",\"dateModified\":\"2021-01-14T16:42:05+00:00\",\"breadcrumb\":{\"@id\":\"https:\\\/\\\/www.ignaciosanchezmejias.es\\\/index.php\\\/2010\\\/06\\\/18\\\/iii-premio-manuel-ramirez\\\/#breadcrumb\"},\"inLanguage\":\"es\",\"potentialAction\":[{\"@type\":\"ReadAction\",\"target\":[\"https:\\\/\\\/www.ignaciosanchezmejias.es\\\/index.php\\\/2010\\\/06\\\/18\\\/iii-premio-manuel-ramirez\\\/\"]}]},{\"@type\":\"ImageObject\",\"inLanguage\":\"es\",\"@id\":\"https:\\\/\\\/www.ignaciosanchezmejias.es\\\/index.php\\\/2010\\\/06\\\/18\\\/iii-premio-manuel-ramirez\\\/#primaryimage\",\"url\":\"https:\\\/\\\/www.ignaciosanchezmejias.es\\\/wp-content\\\/uploads\\\/2010\\\/06\\\/vargas-llosa.jpg\",\"contentUrl\":\"https:\\\/\\\/www.ignaciosanchezmejias.es\\\/wp-content\\\/uploads\\\/2010\\\/06\\\/vargas-llosa.jpg\",\"width\":790,\"height\":836},{\"@type\":\"BreadcrumbList\",\"@id\":\"https:\\\/\\\/www.ignaciosanchezmejias.es\\\/index.php\\\/2010\\\/06\\\/18\\\/iii-premio-manuel-ramirez\\\/#breadcrumb\",\"itemListElement\":[{\"@type\":\"ListItem\",\"position\":1,\"name\":\"Portada\",\"item\":\"https:\\\/\\\/www.ignaciosanchezmejias.es\\\/\"},{\"@type\":\"ListItem\",\"position\":2,\"name\":\"III Premio Manuel Ram\u00edrez\"}]},{\"@type\":\"WebSite\",\"@id\":\"https:\\\/\\\/www.ignaciosanchezmejias.es\\\/#website\",\"url\":\"https:\\\/\\\/www.ignaciosanchezmejias.es\\\/\",\"name\":\"Blog de Ignacio S\u00e1nchez-Mej\u00edas\",\"description\":\"Sitio personal ISM\",\"publisher\":{\"@id\":\"https:\\\/\\\/www.ignaciosanchezmejias.es\\\/#\\\/schema\\\/person\\\/494d20bda3404108c02016d5e608fc65\"},\"potentialAction\":[{\"@type\":\"SearchAction\",\"target\":{\"@type\":\"EntryPoint\",\"urlTemplate\":\"https:\\\/\\\/www.ignaciosanchezmejias.es\\\/?s={search_term_string}\"},\"query-input\":{\"@type\":\"PropertyValueSpecification\",\"valueRequired\":true,\"valueName\":\"search_term_string\"}}],\"inLanguage\":\"es\"},{\"@type\":[\"Person\",\"Organization\"],\"@id\":\"https:\\\/\\\/www.ignaciosanchezmejias.es\\\/#\\\/schema\\\/person\\\/494d20bda3404108c02016d5e608fc65\",\"name\":\"isanchezmejias\",\"image\":{\"@type\":\"ImageObject\",\"inLanguage\":\"es\",\"@id\":\"https:\\\/\\\/www.ignaciosanchezmejias.es\\\/wp-content\\\/uploads\\\/2020\\\/06\\\/cropped-Yo-antes.jpg\",\"url\":\"https:\\\/\\\/www.ignaciosanchezmejias.es\\\/wp-content\\\/uploads\\\/2020\\\/06\\\/cropped-Yo-antes.jpg\",\"contentUrl\":\"https:\\\/\\\/www.ignaciosanchezmejias.es\\\/wp-content\\\/uploads\\\/2020\\\/06\\\/cropped-Yo-antes.jpg\",\"width\":681,\"height\":482,\"caption\":\"isanchezmejias\"},\"logo\":{\"@id\":\"https:\\\/\\\/www.ignaciosanchezmejias.es\\\/wp-content\\\/uploads\\\/2020\\\/06\\\/cropped-Yo-antes.jpg\"},\"sameAs\":[\"https:\\\/\\\/www.ignaciosanchezmejias.es\"],\"url\":\"https:\\\/\\\/www.ignaciosanchezmejias.es\\\/index.php\\\/author\\\/isanchezmejias\\\/\"}]}<\/script>\n<!-- \/ Yoast SEO plugin. -->","yoast_head_json":{"title":"III Premio Manuel Ram\u00edrez - Sitio web de Ignacio S\u00e1nchez-Mej\u00edas Herrero","robots":{"index":"index","follow":"follow","max-snippet":"max-snippet:-1","max-image-preview":"max-image-preview:large","max-video-preview":"max-video-preview:-1"},"canonical":"https:\/\/www.ignaciosanchezmejias.es\/index.php\/2010\/06\/18\/iii-premio-manuel-ramirez\/","og_locale":"es_ES","og_type":"article","og_title":"III Premio Manuel Ram\u00edrez - Sitio web de Ignacio S\u00e1nchez-Mej\u00edas Herrero","og_description":"Como ustedes conocen, este a\u00f1o se acordaron de m\u00ed para formar parte del jurado que otorg\u00f3 el III Premio de Periodismo Taurino Manuel Ram\u00edrez, al escritor Mario Vargas Llosa. Este jurado es itinerante, esto es, que lo cambian todos los a\u00f1os, con lo que no tendr\u00e9 el honor de repetir. Seg\u00fan su patrocinador, D. Jos\u00e9 [&hellip;]","og_url":"https:\/\/www.ignaciosanchezmejias.es\/index.php\/2010\/06\/18\/iii-premio-manuel-ramirez\/","og_site_name":"Sitio web de Ignacio S\u00e1nchez-Mej\u00edas Herrero","article_published_time":"2010-06-18T14:16:22+00:00","article_modified_time":"2021-01-14T16:42:05+00:00","og_image":[{"width":790,"height":836,"url":"https:\/\/www.ignaciosanchezmejias.es\/wp-content\/uploads\/2010\/06\/vargas-llosa.jpg","type":"image\/jpeg"}],"author":"isanchezmejias","twitter_card":"summary_large_image","twitter_misc":{"Escrito por":"isanchezmejias","Tiempo de lectura":"2 minutos"},"schema":{"@context":"https:\/\/schema.org","@graph":[{"@type":"Article","@id":"https:\/\/www.ignaciosanchezmejias.es\/index.php\/2010\/06\/18\/iii-premio-manuel-ramirez\/#article","isPartOf":{"@id":"https:\/\/www.ignaciosanchezmejias.es\/index.php\/2010\/06\/18\/iii-premio-manuel-ramirez\/"},"author":{"name":"isanchezmejias","@id":"https:\/\/www.ignaciosanchezmejias.es\/#\/schema\/person\/494d20bda3404108c02016d5e608fc65"},"headline":"III Premio Manuel Ram\u00edrez","datePublished":"2010-06-18T14:16:22+00:00","dateModified":"2021-01-14T16:42:05+00:00","mainEntityOfPage":{"@id":"https:\/\/www.ignaciosanchezmejias.es\/index.php\/2010\/06\/18\/iii-premio-manuel-ramirez\/"},"wordCount":459,"commentCount":5,"publisher":{"@id":"https:\/\/www.ignaciosanchezmejias.es\/#\/schema\/person\/494d20bda3404108c02016d5e608fc65"},"image":{"@id":"https:\/\/www.ignaciosanchezmejias.es\/index.php\/2010\/06\/18\/iii-premio-manuel-ramirez\/#primaryimage"},"thumbnailUrl":"https:\/\/www.ignaciosanchezmejias.es\/wp-content\/uploads\/2010\/06\/vargas-llosa.jpg","keywords":["D\u00e1vila Miura","El Parralejo","Finito de C\u00f3rdoba","Premio Manuel Ram\u00edrez","Vargas Llosa"],"articleSection":["General"],"inLanguage":"es","potentialAction":[{"@type":"CommentAction","name":"Comment","target":["https:\/\/www.ignaciosanchezmejias.es\/index.php\/2010\/06\/18\/iii-premio-manuel-ramirez\/#respond"]}]},{"@type":"WebPage","@id":"https:\/\/www.ignaciosanchezmejias.es\/index.php\/2010\/06\/18\/iii-premio-manuel-ramirez\/","url":"https:\/\/www.ignaciosanchezmejias.es\/index.php\/2010\/06\/18\/iii-premio-manuel-ramirez\/","name":"III Premio Manuel Ram\u00edrez - Sitio web de Ignacio S\u00e1nchez-Mej\u00edas Herrero","isPartOf":{"@id":"https:\/\/www.ignaciosanchezmejias.es\/#website"},"primaryImageOfPage":{"@id":"https:\/\/www.ignaciosanchezmejias.es\/index.php\/2010\/06\/18\/iii-premio-manuel-ramirez\/#primaryimage"},"image":{"@id":"https:\/\/www.ignaciosanchezmejias.es\/index.php\/2010\/06\/18\/iii-premio-manuel-ramirez\/#primaryimage"},"thumbnailUrl":"https:\/\/www.ignaciosanchezmejias.es\/wp-content\/uploads\/2010\/06\/vargas-llosa.jpg","datePublished":"2010-06-18T14:16:22+00:00","dateModified":"2021-01-14T16:42:05+00:00","breadcrumb":{"@id":"https:\/\/www.ignaciosanchezmejias.es\/index.php\/2010\/06\/18\/iii-premio-manuel-ramirez\/#breadcrumb"},"inLanguage":"es","potentialAction":[{"@type":"ReadAction","target":["https:\/\/www.ignaciosanchezmejias.es\/index.php\/2010\/06\/18\/iii-premio-manuel-ramirez\/"]}]},{"@type":"ImageObject","inLanguage":"es","@id":"https:\/\/www.ignaciosanchezmejias.es\/index.php\/2010\/06\/18\/iii-premio-manuel-ramirez\/#primaryimage","url":"https:\/\/www.ignaciosanchezmejias.es\/wp-content\/uploads\/2010\/06\/vargas-llosa.jpg","contentUrl":"https:\/\/www.ignaciosanchezmejias.es\/wp-content\/uploads\/2010\/06\/vargas-llosa.jpg","width":790,"height":836},{"@type":"BreadcrumbList","@id":"https:\/\/www.ignaciosanchezmejias.es\/index.php\/2010\/06\/18\/iii-premio-manuel-ramirez\/#breadcrumb","itemListElement":[{"@type":"ListItem","position":1,"name":"Portada","item":"https:\/\/www.ignaciosanchezmejias.es\/"},{"@type":"ListItem","position":2,"name":"III Premio Manuel Ram\u00edrez"}]},{"@type":"WebSite","@id":"https:\/\/www.ignaciosanchezmejias.es\/#website","url":"https:\/\/www.ignaciosanchezmejias.es\/","name":"Blog de Ignacio S\u00e1nchez-Mej\u00edas","description":"Sitio personal ISM","publisher":{"@id":"https:\/\/www.ignaciosanchezmejias.es\/#\/schema\/person\/494d20bda3404108c02016d5e608fc65"},"potentialAction":[{"@type":"SearchAction","target":{"@type":"EntryPoint","urlTemplate":"https:\/\/www.ignaciosanchezmejias.es\/?s={search_term_string}"},"query-input":{"@type":"PropertyValueSpecification","valueRequired":true,"valueName":"search_term_string"}}],"inLanguage":"es"},{"@type":["Person","Organization"],"@id":"https:\/\/www.ignaciosanchezmejias.es\/#\/schema\/person\/494d20bda3404108c02016d5e608fc65","name":"isanchezmejias","image":{"@type":"ImageObject","inLanguage":"es","@id":"https:\/\/www.ignaciosanchezmejias.es\/wp-content\/uploads\/2020\/06\/cropped-Yo-antes.jpg","url":"https:\/\/www.ignaciosanchezmejias.es\/wp-content\/uploads\/2020\/06\/cropped-Yo-antes.jpg","contentUrl":"https:\/\/www.ignaciosanchezmejias.es\/wp-content\/uploads\/2020\/06\/cropped-Yo-antes.jpg","width":681,"height":482,"caption":"isanchezmejias"},"logo":{"@id":"https:\/\/www.ignaciosanchezmejias.es\/wp-content\/uploads\/2020\/06\/cropped-Yo-antes.jpg"},"sameAs":["https:\/\/www.ignaciosanchezmejias.es"],"url":"https:\/\/www.ignaciosanchezmejias.es\/index.php\/author\/isanchezmejias\/"}]}},"_links":{"self":[{"href":"https:\/\/www.ignaciosanchezmejias.es\/index.php\/wp-json\/wp\/v2\/posts\/1534","targetHints":{"allow":["GET"]}}],"collection":[{"href":"https:\/\/www.ignaciosanchezmejias.es\/index.php\/wp-json\/wp\/v2\/posts"}],"about":[{"href":"https:\/\/www.ignaciosanchezmejias.es\/index.php\/wp-json\/wp\/v2\/types\/post"}],"author":[{"embeddable":true,"href":"https:\/\/www.ignaciosanchezmejias.es\/index.php\/wp-json\/wp\/v2\/users\/1"}],"replies":[{"embeddable":true,"href":"https:\/\/www.ignaciosanchezmejias.es\/index.php\/wp-json\/wp\/v2\/comments?post=1534"}],"version-history":[{"count":2,"href":"https:\/\/www.ignaciosanchezmejias.es\/index.php\/wp-json\/wp\/v2\/posts\/1534\/revisions"}],"predecessor-version":[{"id":4824,"href":"https:\/\/www.ignaciosanchezmejias.es\/index.php\/wp-json\/wp\/v2\/posts\/1534\/revisions\/4824"}],"wp:featuredmedia":[{"embeddable":true,"href":"https:\/\/www.ignaciosanchezmejias.es\/index.php\/wp-json\/wp\/v2\/media\/4822"}],"wp:attachment":[{"href":"https:\/\/www.ignaciosanchezmejias.es\/index.php\/wp-json\/wp\/v2\/media?parent=1534"}],"wp:term":[{"taxonomy":"category","embeddable":true,"href":"https:\/\/www.ignaciosanchezmejias.es\/index.php\/wp-json\/wp\/v2\/categories?post=1534"},{"taxonomy":"post_tag","embeddable":true,"href":"https:\/\/www.ignaciosanchezmejias.es\/index.php\/wp-json\/wp\/v2\/tags?post=1534"}],"curies":[{"name":"wp","href":"https:\/\/api.w.org\/{rel}","templated":true}]}}