{"id":1520,"date":"2010-06-04T09:07:50","date_gmt":"2010-06-04T08:07:50","guid":{"rendered":"http:\/\/blogs.sevilla.abc.es\/desdeeltendido2\/?p=1520"},"modified":"2021-01-14T16:23:05","modified_gmt":"2021-01-14T16:23:05","slug":"descastada-corrida-del-corpus","status":"publish","type":"post","link":"https:\/\/www.ignaciosanchezmejias.es\/index.php\/2010\/06\/04\/descastada-corrida-del-corpus\/","title":{"rendered":"Descastada Corrida del Corpus"},"content":{"rendered":"\n<p>La corrida del Corpus en Sevilla estaba siendo sopor\u00edfera hasta que Salvador Cort\u00e9s se puso a torear al sexto. Los toros de Mart\u00edn-Lorca son el espejo del toro artista moderno, las bobas del carret\u00f3n, descastados, sin poder ni raza, mansitos, sin fuerzas ni motor. Ahora, eso s\u00ed, sin una mala mirada, sin un mal gesto y sin la m\u00e1s m\u00ednima emoci\u00f3n. Fueron deambulando por el ruedo, cuando no cay\u00e9ndose o ech\u00e1ndose en mitad de faena. Cinco tostones&nbsp;y uno bis, s\u00f3lo el sexto lo salv\u00f3 Cort\u00e9s. No s\u00e9 hasta cuando vamos a ir aguantando esto, si s\u00e9 que se mantiene por el abono, pero con estas expectativas estamos echando al aficionado del ruedo, quiz\u00e1s para que no vuelva m\u00e1s.<\/p>\n\n\n\n<p>El sexto casi se manten\u00eda en pie, Cort\u00e9s, que sabe torear y bien, como ya ha demostrado varias veces, le hizo de enfermero, esperando un eternidad entre serie y serie, y cuaj\u00f3 una faena ligada, rubricada con una estocada que, en otras circunstancias hubiera valido una oreja y, y. Pero el presidente Sr. Salguero, del que desconozco sus antecedentes taurinos, estaba de fiesta, hablando con el p\u00fablico de delante, entre el que se encontraba el ganadero con sus partidarios, pidiendo no solamente las orejas, sino, r\u00edanse ustedes, la vuelta al ruedo para el toro. Tambi\u00e9n desconozco los antecedentes taurinos del asesor art\u00edstico, pero entre ambos convirtieron La Maestranza en una plaza de segunda, quiz\u00e1s lo que nos merec\u00edamos.<\/p>\n\n\n\n<p>No s\u00e9 quien sali\u00f3 contento de la plaza. Seguro que Salvador Cort\u00e9s s\u00ed. Ha vuelto a reivindicarse. El ganadero y su clac supongo que tambi\u00e9n, ya que podr\u00e1n contar a las generaciones venideras que a un toro suyo le cortaron dos orejas en Sevilla. Pero el aficionado imparcial, les puedo asegurar que bajaba vencido el tendido.<\/p>\n","protected":false},"excerpt":{"rendered":"<p>La corrida del Corpus en Sevilla estaba siendo sopor\u00edfera hasta que Salvador Cort\u00e9s se puso a torear al sexto. Los toros de Mart\u00edn-Lorca son el espejo del toro artista moderno, las bobas del carret\u00f3n, descastados, sin poder ni raza, mansitos, sin fuerzas ni motor. Ahora, eso s\u00ed, sin una mala mirada, sin un mal gesto [&hellip;]<\/p>\n","protected":false},"author":1,"featured_media":4815,"comment_status":"open","ping_status":"open","sticky":false,"template":"","format":"standard","meta":{"footnotes":""},"categories":[416],"tags":[334,30],"class_list":["post-1520","post","type-post","status-publish","format-standard","has-post-thumbnail","hentry","category-abono-sevilla-2010","tag-martin-lorca","tag-salvador-cortes"],"yoast_head":"<!-- This site is optimized with the Yoast SEO plugin v27.5 - https:\/\/yoast.com\/product\/yoast-seo-wordpress\/ -->\n<title>Descastada Corrida del Corpus - Sitio web de Ignacio S\u00e1nchez-Mej\u00edas Herrero<\/title>\n<meta name=\"robots\" content=\"index, follow, max-snippet:-1, max-image-preview:large, max-video-preview:-1\" \/>\n<link rel=\"canonical\" href=\"https:\/\/www.ignaciosanchezmejias.es\/index.php\/2010\/06\/04\/descastada-corrida-del-corpus\/\" \/>\n<meta property=\"og:locale\" content=\"es_ES\" \/>\n<meta property=\"og:type\" content=\"article\" \/>\n<meta property=\"og:title\" content=\"Descastada Corrida del Corpus - Sitio web de Ignacio S\u00e1nchez-Mej\u00edas Herrero\" \/>\n<meta property=\"og:description\" content=\"La corrida del Corpus en Sevilla estaba siendo sopor\u00edfera hasta que Salvador Cort\u00e9s se puso a torear al sexto. Los toros de Mart\u00edn-Lorca son el espejo del toro artista moderno, las bobas del carret\u00f3n, descastados, sin poder ni raza, mansitos, sin fuerzas ni motor. Ahora, eso s\u00ed, sin una mala mirada, sin un mal gesto [&hellip;]\" \/>\n<meta property=\"og:url\" content=\"https:\/\/www.ignaciosanchezmejias.es\/index.php\/2010\/06\/04\/descastada-corrida-del-corpus\/\" \/>\n<meta property=\"og:site_name\" content=\"Sitio web de Ignacio S\u00e1nchez-Mej\u00edas Herrero\" \/>\n<meta property=\"article:published_time\" content=\"2010-06-04T08:07:50+00:00\" \/>\n<meta property=\"article:modified_time\" content=\"2021-01-14T16:23:05+00:00\" \/>\n<meta property=\"og:image\" content=\"https:\/\/www.ignaciosanchezmejias.es\/wp-content\/uploads\/2010\/06\/Martin-Lorca.jpg\" \/>\n\t<meta property=\"og:image:width\" content=\"640\" \/>\n\t<meta property=\"og:image:height\" content=\"427\" \/>\n\t<meta property=\"og:image:type\" content=\"image\/jpeg\" \/>\n<meta name=\"author\" content=\"isanchezmejias\" \/>\n<meta name=\"twitter:card\" content=\"summary_large_image\" \/>\n<meta name=\"twitter:label1\" content=\"Escrito por\" \/>\n\t<meta name=\"twitter:data1\" content=\"isanchezmejias\" \/>\n\t<meta name=\"twitter:label2\" content=\"Tiempo de lectura\" \/>\n\t<meta name=\"twitter:data2\" content=\"2 minutos\" \/>\n<script type=\"application\/ld+json\" class=\"yoast-schema-graph\">{\"@context\":\"https:\\\/\\\/schema.org\",\"@graph\":[{\"@type\":\"Article\",\"@id\":\"https:\\\/\\\/www.ignaciosanchezmejias.es\\\/index.php\\\/2010\\\/06\\\/04\\\/descastada-corrida-del-corpus\\\/#article\",\"isPartOf\":{\"@id\":\"https:\\\/\\\/www.ignaciosanchezmejias.es\\\/index.php\\\/2010\\\/06\\\/04\\\/descastada-corrida-del-corpus\\\/\"},\"author\":{\"name\":\"isanchezmejias\",\"@id\":\"https:\\\/\\\/www.ignaciosanchezmejias.es\\\/#\\\/schema\\\/person\\\/494d20bda3404108c02016d5e608fc65\"},\"headline\":\"Descastada Corrida del Corpus\",\"datePublished\":\"2010-06-04T08:07:50+00:00\",\"dateModified\":\"2021-01-14T16:23:05+00:00\",\"mainEntityOfPage\":{\"@id\":\"https:\\\/\\\/www.ignaciosanchezmejias.es\\\/index.php\\\/2010\\\/06\\\/04\\\/descastada-corrida-del-corpus\\\/\"},\"wordCount\":322,\"commentCount\":17,\"publisher\":{\"@id\":\"https:\\\/\\\/www.ignaciosanchezmejias.es\\\/#\\\/schema\\\/person\\\/494d20bda3404108c02016d5e608fc65\"},\"image\":{\"@id\":\"https:\\\/\\\/www.ignaciosanchezmejias.es\\\/index.php\\\/2010\\\/06\\\/04\\\/descastada-corrida-del-corpus\\\/#primaryimage\"},\"thumbnailUrl\":\"https:\\\/\\\/www.ignaciosanchezmejias.es\\\/wp-content\\\/uploads\\\/2010\\\/06\\\/Martin-Lorca.jpg\",\"keywords\":[\"Mart\u00edn-Lorca\",\"Salvador Cort\u00e9s\"],\"articleSection\":[\"Abono Sevilla 2010\"],\"inLanguage\":\"es\",\"potentialAction\":[{\"@type\":\"CommentAction\",\"name\":\"Comment\",\"target\":[\"https:\\\/\\\/www.ignaciosanchezmejias.es\\\/index.php\\\/2010\\\/06\\\/04\\\/descastada-corrida-del-corpus\\\/#respond\"]}]},{\"@type\":\"WebPage\",\"@id\":\"https:\\\/\\\/www.ignaciosanchezmejias.es\\\/index.php\\\/2010\\\/06\\\/04\\\/descastada-corrida-del-corpus\\\/\",\"url\":\"https:\\\/\\\/www.ignaciosanchezmejias.es\\\/index.php\\\/2010\\\/06\\\/04\\\/descastada-corrida-del-corpus\\\/\",\"name\":\"Descastada Corrida del Corpus - Sitio web de Ignacio S\u00e1nchez-Mej\u00edas Herrero\",\"isPartOf\":{\"@id\":\"https:\\\/\\\/www.ignaciosanchezmejias.es\\\/#website\"},\"primaryImageOfPage\":{\"@id\":\"https:\\\/\\\/www.ignaciosanchezmejias.es\\\/index.php\\\/2010\\\/06\\\/04\\\/descastada-corrida-del-corpus\\\/#primaryimage\"},\"image\":{\"@id\":\"https:\\\/\\\/www.ignaciosanchezmejias.es\\\/index.php\\\/2010\\\/06\\\/04\\\/descastada-corrida-del-corpus\\\/#primaryimage\"},\"thumbnailUrl\":\"https:\\\/\\\/www.ignaciosanchezmejias.es\\\/wp-content\\\/uploads\\\/2010\\\/06\\\/Martin-Lorca.jpg\",\"datePublished\":\"2010-06-04T08:07:50+00:00\",\"dateModified\":\"2021-01-14T16:23:05+00:00\",\"breadcrumb\":{\"@id\":\"https:\\\/\\\/www.ignaciosanchezmejias.es\\\/index.php\\\/2010\\\/06\\\/04\\\/descastada-corrida-del-corpus\\\/#breadcrumb\"},\"inLanguage\":\"es\",\"potentialAction\":[{\"@type\":\"ReadAction\",\"target\":[\"https:\\\/\\\/www.ignaciosanchezmejias.es\\\/index.php\\\/2010\\\/06\\\/04\\\/descastada-corrida-del-corpus\\\/\"]}]},{\"@type\":\"ImageObject\",\"inLanguage\":\"es\",\"@id\":\"https:\\\/\\\/www.ignaciosanchezmejias.es\\\/index.php\\\/2010\\\/06\\\/04\\\/descastada-corrida-del-corpus\\\/#primaryimage\",\"url\":\"https:\\\/\\\/www.ignaciosanchezmejias.es\\\/wp-content\\\/uploads\\\/2010\\\/06\\\/Martin-Lorca.jpg\",\"contentUrl\":\"https:\\\/\\\/www.ignaciosanchezmejias.es\\\/wp-content\\\/uploads\\\/2010\\\/06\\\/Martin-Lorca.jpg\",\"width\":640,\"height\":427,\"caption\":\"Foto. sevillataurina.com\"},{\"@type\":\"BreadcrumbList\",\"@id\":\"https:\\\/\\\/www.ignaciosanchezmejias.es\\\/index.php\\\/2010\\\/06\\\/04\\\/descastada-corrida-del-corpus\\\/#breadcrumb\",\"itemListElement\":[{\"@type\":\"ListItem\",\"position\":1,\"name\":\"Portada\",\"item\":\"https:\\\/\\\/www.ignaciosanchezmejias.es\\\/\"},{\"@type\":\"ListItem\",\"position\":2,\"name\":\"Descastada Corrida del Corpus\"}]},{\"@type\":\"WebSite\",\"@id\":\"https:\\\/\\\/www.ignaciosanchezmejias.es\\\/#website\",\"url\":\"https:\\\/\\\/www.ignaciosanchezmejias.es\\\/\",\"name\":\"Blog de Ignacio S\u00e1nchez-Mej\u00edas\",\"description\":\"Sitio personal ISM\",\"publisher\":{\"@id\":\"https:\\\/\\\/www.ignaciosanchezmejias.es\\\/#\\\/schema\\\/person\\\/494d20bda3404108c02016d5e608fc65\"},\"potentialAction\":[{\"@type\":\"SearchAction\",\"target\":{\"@type\":\"EntryPoint\",\"urlTemplate\":\"https:\\\/\\\/www.ignaciosanchezmejias.es\\\/?s={search_term_string}\"},\"query-input\":{\"@type\":\"PropertyValueSpecification\",\"valueRequired\":true,\"valueName\":\"search_term_string\"}}],\"inLanguage\":\"es\"},{\"@type\":[\"Person\",\"Organization\"],\"@id\":\"https:\\\/\\\/www.ignaciosanchezmejias.es\\\/#\\\/schema\\\/person\\\/494d20bda3404108c02016d5e608fc65\",\"name\":\"isanchezmejias\",\"image\":{\"@type\":\"ImageObject\",\"inLanguage\":\"es\",\"@id\":\"https:\\\/\\\/www.ignaciosanchezmejias.es\\\/wp-content\\\/uploads\\\/2020\\\/06\\\/cropped-Yo-antes.jpg\",\"url\":\"https:\\\/\\\/www.ignaciosanchezmejias.es\\\/wp-content\\\/uploads\\\/2020\\\/06\\\/cropped-Yo-antes.jpg\",\"contentUrl\":\"https:\\\/\\\/www.ignaciosanchezmejias.es\\\/wp-content\\\/uploads\\\/2020\\\/06\\\/cropped-Yo-antes.jpg\",\"width\":681,\"height\":482,\"caption\":\"isanchezmejias\"},\"logo\":{\"@id\":\"https:\\\/\\\/www.ignaciosanchezmejias.es\\\/wp-content\\\/uploads\\\/2020\\\/06\\\/cropped-Yo-antes.jpg\"},\"sameAs\":[\"https:\\\/\\\/www.ignaciosanchezmejias.es\"],\"url\":\"https:\\\/\\\/www.ignaciosanchezmejias.es\\\/index.php\\\/author\\\/isanchezmejias\\\/\"}]}<\/script>\n<!-- \/ Yoast SEO plugin. -->","yoast_head_json":{"title":"Descastada Corrida del Corpus - Sitio web de Ignacio S\u00e1nchez-Mej\u00edas Herrero","robots":{"index":"index","follow":"follow","max-snippet":"max-snippet:-1","max-image-preview":"max-image-preview:large","max-video-preview":"max-video-preview:-1"},"canonical":"https:\/\/www.ignaciosanchezmejias.es\/index.php\/2010\/06\/04\/descastada-corrida-del-corpus\/","og_locale":"es_ES","og_type":"article","og_title":"Descastada Corrida del Corpus - Sitio web de Ignacio S\u00e1nchez-Mej\u00edas Herrero","og_description":"La corrida del Corpus en Sevilla estaba siendo sopor\u00edfera hasta que Salvador Cort\u00e9s se puso a torear al sexto. Los toros de Mart\u00edn-Lorca son el espejo del toro artista moderno, las bobas del carret\u00f3n, descastados, sin poder ni raza, mansitos, sin fuerzas ni motor. Ahora, eso s\u00ed, sin una mala mirada, sin un mal gesto [&hellip;]","og_url":"https:\/\/www.ignaciosanchezmejias.es\/index.php\/2010\/06\/04\/descastada-corrida-del-corpus\/","og_site_name":"Sitio web de Ignacio S\u00e1nchez-Mej\u00edas Herrero","article_published_time":"2010-06-04T08:07:50+00:00","article_modified_time":"2021-01-14T16:23:05+00:00","og_image":[{"width":640,"height":427,"url":"https:\/\/www.ignaciosanchezmejias.es\/wp-content\/uploads\/2010\/06\/Martin-Lorca.jpg","type":"image\/jpeg"}],"author":"isanchezmejias","twitter_card":"summary_large_image","twitter_misc":{"Escrito por":"isanchezmejias","Tiempo de lectura":"2 minutos"},"schema":{"@context":"https:\/\/schema.org","@graph":[{"@type":"Article","@id":"https:\/\/www.ignaciosanchezmejias.es\/index.php\/2010\/06\/04\/descastada-corrida-del-corpus\/#article","isPartOf":{"@id":"https:\/\/www.ignaciosanchezmejias.es\/index.php\/2010\/06\/04\/descastada-corrida-del-corpus\/"},"author":{"name":"isanchezmejias","@id":"https:\/\/www.ignaciosanchezmejias.es\/#\/schema\/person\/494d20bda3404108c02016d5e608fc65"},"headline":"Descastada Corrida del Corpus","datePublished":"2010-06-04T08:07:50+00:00","dateModified":"2021-01-14T16:23:05+00:00","mainEntityOfPage":{"@id":"https:\/\/www.ignaciosanchezmejias.es\/index.php\/2010\/06\/04\/descastada-corrida-del-corpus\/"},"wordCount":322,"commentCount":17,"publisher":{"@id":"https:\/\/www.ignaciosanchezmejias.es\/#\/schema\/person\/494d20bda3404108c02016d5e608fc65"},"image":{"@id":"https:\/\/www.ignaciosanchezmejias.es\/index.php\/2010\/06\/04\/descastada-corrida-del-corpus\/#primaryimage"},"thumbnailUrl":"https:\/\/www.ignaciosanchezmejias.es\/wp-content\/uploads\/2010\/06\/Martin-Lorca.jpg","keywords":["Mart\u00edn-Lorca","Salvador Cort\u00e9s"],"articleSection":["Abono Sevilla 2010"],"inLanguage":"es","potentialAction":[{"@type":"CommentAction","name":"Comment","target":["https:\/\/www.ignaciosanchezmejias.es\/index.php\/2010\/06\/04\/descastada-corrida-del-corpus\/#respond"]}]},{"@type":"WebPage","@id":"https:\/\/www.ignaciosanchezmejias.es\/index.php\/2010\/06\/04\/descastada-corrida-del-corpus\/","url":"https:\/\/www.ignaciosanchezmejias.es\/index.php\/2010\/06\/04\/descastada-corrida-del-corpus\/","name":"Descastada Corrida del Corpus - Sitio web de Ignacio S\u00e1nchez-Mej\u00edas Herrero","isPartOf":{"@id":"https:\/\/www.ignaciosanchezmejias.es\/#website"},"primaryImageOfPage":{"@id":"https:\/\/www.ignaciosanchezmejias.es\/index.php\/2010\/06\/04\/descastada-corrida-del-corpus\/#primaryimage"},"image":{"@id":"https:\/\/www.ignaciosanchezmejias.es\/index.php\/2010\/06\/04\/descastada-corrida-del-corpus\/#primaryimage"},"thumbnailUrl":"https:\/\/www.ignaciosanchezmejias.es\/wp-content\/uploads\/2010\/06\/Martin-Lorca.jpg","datePublished":"2010-06-04T08:07:50+00:00","dateModified":"2021-01-14T16:23:05+00:00","breadcrumb":{"@id":"https:\/\/www.ignaciosanchezmejias.es\/index.php\/2010\/06\/04\/descastada-corrida-del-corpus\/#breadcrumb"},"inLanguage":"es","potentialAction":[{"@type":"ReadAction","target":["https:\/\/www.ignaciosanchezmejias.es\/index.php\/2010\/06\/04\/descastada-corrida-del-corpus\/"]}]},{"@type":"ImageObject","inLanguage":"es","@id":"https:\/\/www.ignaciosanchezmejias.es\/index.php\/2010\/06\/04\/descastada-corrida-del-corpus\/#primaryimage","url":"https:\/\/www.ignaciosanchezmejias.es\/wp-content\/uploads\/2010\/06\/Martin-Lorca.jpg","contentUrl":"https:\/\/www.ignaciosanchezmejias.es\/wp-content\/uploads\/2010\/06\/Martin-Lorca.jpg","width":640,"height":427,"caption":"Foto. sevillataurina.com"},{"@type":"BreadcrumbList","@id":"https:\/\/www.ignaciosanchezmejias.es\/index.php\/2010\/06\/04\/descastada-corrida-del-corpus\/#breadcrumb","itemListElement":[{"@type":"ListItem","position":1,"name":"Portada","item":"https:\/\/www.ignaciosanchezmejias.es\/"},{"@type":"ListItem","position":2,"name":"Descastada Corrida del Corpus"}]},{"@type":"WebSite","@id":"https:\/\/www.ignaciosanchezmejias.es\/#website","url":"https:\/\/www.ignaciosanchezmejias.es\/","name":"Blog de Ignacio S\u00e1nchez-Mej\u00edas","description":"Sitio personal ISM","publisher":{"@id":"https:\/\/www.ignaciosanchezmejias.es\/#\/schema\/person\/494d20bda3404108c02016d5e608fc65"},"potentialAction":[{"@type":"SearchAction","target":{"@type":"EntryPoint","urlTemplate":"https:\/\/www.ignaciosanchezmejias.es\/?s={search_term_string}"},"query-input":{"@type":"PropertyValueSpecification","valueRequired":true,"valueName":"search_term_string"}}],"inLanguage":"es"},{"@type":["Person","Organization"],"@id":"https:\/\/www.ignaciosanchezmejias.es\/#\/schema\/person\/494d20bda3404108c02016d5e608fc65","name":"isanchezmejias","image":{"@type":"ImageObject","inLanguage":"es","@id":"https:\/\/www.ignaciosanchezmejias.es\/wp-content\/uploads\/2020\/06\/cropped-Yo-antes.jpg","url":"https:\/\/www.ignaciosanchezmejias.es\/wp-content\/uploads\/2020\/06\/cropped-Yo-antes.jpg","contentUrl":"https:\/\/www.ignaciosanchezmejias.es\/wp-content\/uploads\/2020\/06\/cropped-Yo-antes.jpg","width":681,"height":482,"caption":"isanchezmejias"},"logo":{"@id":"https:\/\/www.ignaciosanchezmejias.es\/wp-content\/uploads\/2020\/06\/cropped-Yo-antes.jpg"},"sameAs":["https:\/\/www.ignaciosanchezmejias.es"],"url":"https:\/\/www.ignaciosanchezmejias.es\/index.php\/author\/isanchezmejias\/"}]}},"_links":{"self":[{"href":"https:\/\/www.ignaciosanchezmejias.es\/index.php\/wp-json\/wp\/v2\/posts\/1520","targetHints":{"allow":["GET"]}}],"collection":[{"href":"https:\/\/www.ignaciosanchezmejias.es\/index.php\/wp-json\/wp\/v2\/posts"}],"about":[{"href":"https:\/\/www.ignaciosanchezmejias.es\/index.php\/wp-json\/wp\/v2\/types\/post"}],"author":[{"embeddable":true,"href":"https:\/\/www.ignaciosanchezmejias.es\/index.php\/wp-json\/wp\/v2\/users\/1"}],"replies":[{"embeddable":true,"href":"https:\/\/www.ignaciosanchezmejias.es\/index.php\/wp-json\/wp\/v2\/comments?post=1520"}],"version-history":[{"count":2,"href":"https:\/\/www.ignaciosanchezmejias.es\/index.php\/wp-json\/wp\/v2\/posts\/1520\/revisions"}],"predecessor-version":[{"id":4817,"href":"https:\/\/www.ignaciosanchezmejias.es\/index.php\/wp-json\/wp\/v2\/posts\/1520\/revisions\/4817"}],"wp:featuredmedia":[{"embeddable":true,"href":"https:\/\/www.ignaciosanchezmejias.es\/index.php\/wp-json\/wp\/v2\/media\/4815"}],"wp:attachment":[{"href":"https:\/\/www.ignaciosanchezmejias.es\/index.php\/wp-json\/wp\/v2\/media?parent=1520"}],"wp:term":[{"taxonomy":"category","embeddable":true,"href":"https:\/\/www.ignaciosanchezmejias.es\/index.php\/wp-json\/wp\/v2\/categories?post=1520"},{"taxonomy":"post_tag","embeddable":true,"href":"https:\/\/www.ignaciosanchezmejias.es\/index.php\/wp-json\/wp\/v2\/tags?post=1520"}],"curies":[{"name":"wp","href":"https:\/\/api.w.org\/{rel}","templated":true}]}}