{"id":1422,"date":"2010-04-24T21:47:43","date_gmt":"2010-04-24T20:47:43","guid":{"rendered":"http:\/\/blogs.sevilla.abc.es\/desdeeltendido2\/?p=1422"},"modified":"2021-02-23T17:06:27","modified_gmt":"2021-02-23T17:06:27","slug":"sabado-sabadete","status":"publish","type":"post","link":"https:\/\/www.ignaciosanchezmejias.es\/index.php\/2010\/04\/24\/sabado-sabadete\/","title":{"rendered":"S\u00e1bado Sabadete"},"content":{"rendered":"\n<p>Estas corridas del s\u00e1bado de farolillos las ha convertido la empresa en una especie de homenaje al turista. Toreros que conoce el gran p\u00fablico, y cuyos nombres suenan a esos visitantes que quieren ir a los toros en la Feria de Sevilla y que, probablemente, sea la \u00fanica vez que lo van a hacer en todo el a\u00f1o. El cartel de El Cordob\u00e9s, Rivera Ord\u00f3\u00f1ez y El Fandi, se puede dar perfectamente un domingo de agosto en Puerto Ban\u00fas, y el p\u00fablico asistente no crean que iba a diferir mucho del de hoy en la Maestranza. El abonado huye ante lo que le espera y deja su sitio a un p\u00fablico festivo, bullanguero y con ganas de divertirse. De mis vecinos y alrededores s\u00f3lo cuatro hemos mantenido el tipo, de forma que hoy no les voy a contar, como otras veces, lo que escuch\u00e9 en mi tendido, porque no tendr\u00eda sentido.<\/p>\n\n\n\n<p>La corrida de Torrestrella ha estado, en general, bien presentada, aunque algunos con poca fuerza. Han cumplido en caballos y se han dejado en la muleta, unos m\u00e1s que otros. El Cordob\u00e9s ha sorteado el mejor lote, ambos con las fuerzas justas, y ah\u00ed ha estado el hombre peg\u00e1ndole cien pases a cada uno de sus toros, sin decir nada, en su estilo, perfilero, sin cruzarse y sin gracia. Habla con el p\u00fablico, cae muy bien y la gente lo quiere. Es un torero honrado que hace lo que sabe, aunque no comulguemos con su estilo. El primer toro de Rivera no ten\u00eda emoci\u00f3n y el sobrero de Toros de la Plata se ech\u00f3 durante la lidia y no se paraba a la hora de la muerte. Rivera ha pasado desapercibido.<\/p>\n\n\n\n<p>El Fandi anda con los toros con la seguridad que le dan los doscientos que mata cada a\u00f1o y esas dos piernas que Dios la ha dado. La \u00fanica inc\u00f3gnita de la corrida era ver si hab\u00eda aprendido a templar y, desgraciadamente, a\u00fan no. Cierto es que ha pechado con el peor lote, su primero ten\u00eda cierto peligro y su segundo, siendo un toro repetidor, humillaba poco y embest\u00eda con genio. En banderillas bien con su primero, sonando un pasodoble rar\u00edsimo, con un solo de trompeta m\u00e1s propio del gitano con la cabra que de la Maestranza, y en su segundo, cosa rara, fall\u00f3 dos veces. En este \u00faltimo toro, y como los toreros le han dado voz al p\u00fablico hablando con ellos, ha habido una especie de mot\u00edn generalizado, porque no sonada la m\u00fasica, con gritos a coro, palmas incluidas. Lo nunca visto en la Maestranza. Corrida tur\u00edstica.<\/p>\n","protected":false},"excerpt":{"rendered":"<p>Estas corridas del s\u00e1bado de farolillos las ha convertido la empresa en una especie de homenaje al turista. Toreros que conoce el gran p\u00fablico, y cuyos nombres suenan a esos visitantes que quieren ir a los toros en la Feria de Sevilla y que, probablemente, sea la \u00fanica vez que lo van a hacer en [&hellip;]<\/p>\n","protected":false},"author":1,"featured_media":4781,"comment_status":"open","ping_status":"open","sticky":false,"template":"","format":"standard","meta":{"footnotes":""},"categories":[416],"tags":[51,52,98,50],"class_list":["post-1422","post","type-post","status-publish","format-standard","has-post-thumbnail","hentry","category-abono-sevilla-2010","tag-el-cordobes","tag-el-fandi","tag-rivera-ordonez","tag-torrestrella"],"yoast_head":"<!-- This site is optimized with the Yoast SEO plugin v27.4 - https:\/\/yoast.com\/product\/yoast-seo-wordpress\/ -->\n<title>S\u00e1bado Sabadete - Sitio web de Ignacio S\u00e1nchez-Mej\u00edas Herrero<\/title>\n<meta name=\"robots\" content=\"index, follow, max-snippet:-1, max-image-preview:large, max-video-preview:-1\" \/>\n<link rel=\"canonical\" href=\"https:\/\/www.ignaciosanchezmejias.es\/index.php\/2010\/04\/24\/sabado-sabadete\/\" \/>\n<meta property=\"og:locale\" content=\"es_ES\" \/>\n<meta property=\"og:type\" content=\"article\" \/>\n<meta property=\"og:title\" content=\"S\u00e1bado Sabadete - Sitio web de Ignacio S\u00e1nchez-Mej\u00edas Herrero\" \/>\n<meta property=\"og:description\" content=\"Estas corridas del s\u00e1bado de farolillos las ha convertido la empresa en una especie de homenaje al turista. Toreros que conoce el gran p\u00fablico, y cuyos nombres suenan a esos visitantes que quieren ir a los toros en la Feria de Sevilla y que, probablemente, sea la \u00fanica vez que lo van a hacer en [&hellip;]\" \/>\n<meta property=\"og:url\" content=\"https:\/\/www.ignaciosanchezmejias.es\/index.php\/2010\/04\/24\/sabado-sabadete\/\" \/>\n<meta property=\"og:site_name\" content=\"Sitio web de Ignacio S\u00e1nchez-Mej\u00edas Herrero\" \/>\n<meta property=\"article:published_time\" content=\"2010-04-24T20:47:43+00:00\" \/>\n<meta property=\"article:modified_time\" content=\"2021-02-23T17:06:27+00:00\" \/>\n<meta property=\"og:image\" content=\"https:\/\/www.ignaciosanchezmejias.es\/wp-content\/uploads\/2010\/04\/Fandi-Raul-Doblado.jpg\" \/>\n\t<meta property=\"og:image:width\" content=\"518\" \/>\n\t<meta property=\"og:image:height\" content=\"309\" \/>\n\t<meta property=\"og:image:type\" content=\"image\/jpeg\" \/>\n<meta name=\"author\" content=\"isanchezmejias\" \/>\n<meta name=\"twitter:card\" content=\"summary_large_image\" \/>\n<meta name=\"twitter:label1\" content=\"Escrito por\" \/>\n\t<meta name=\"twitter:data1\" content=\"isanchezmejias\" \/>\n\t<meta name=\"twitter:label2\" content=\"Tiempo de lectura\" \/>\n\t<meta name=\"twitter:data2\" content=\"2 minutos\" \/>\n<script type=\"application\/ld+json\" class=\"yoast-schema-graph\">{\"@context\":\"https:\\\/\\\/schema.org\",\"@graph\":[{\"@type\":\"Article\",\"@id\":\"https:\\\/\\\/www.ignaciosanchezmejias.es\\\/index.php\\\/2010\\\/04\\\/24\\\/sabado-sabadete\\\/#article\",\"isPartOf\":{\"@id\":\"https:\\\/\\\/www.ignaciosanchezmejias.es\\\/index.php\\\/2010\\\/04\\\/24\\\/sabado-sabadete\\\/\"},\"author\":{\"name\":\"isanchezmejias\",\"@id\":\"https:\\\/\\\/www.ignaciosanchezmejias.es\\\/#\\\/schema\\\/person\\\/494d20bda3404108c02016d5e608fc65\"},\"headline\":\"S\u00e1bado Sabadete\",\"datePublished\":\"2010-04-24T20:47:43+00:00\",\"dateModified\":\"2021-02-23T17:06:27+00:00\",\"mainEntityOfPage\":{\"@id\":\"https:\\\/\\\/www.ignaciosanchezmejias.es\\\/index.php\\\/2010\\\/04\\\/24\\\/sabado-sabadete\\\/\"},\"wordCount\":462,\"commentCount\":4,\"publisher\":{\"@id\":\"https:\\\/\\\/www.ignaciosanchezmejias.es\\\/#\\\/schema\\\/person\\\/494d20bda3404108c02016d5e608fc65\"},\"image\":{\"@id\":\"https:\\\/\\\/www.ignaciosanchezmejias.es\\\/index.php\\\/2010\\\/04\\\/24\\\/sabado-sabadete\\\/#primaryimage\"},\"thumbnailUrl\":\"https:\\\/\\\/www.ignaciosanchezmejias.es\\\/wp-content\\\/uploads\\\/2010\\\/04\\\/Fandi-Raul-Doblado.jpg\",\"keywords\":[\"El Cordob\u00e9s\",\"El Fandi\",\"Rivera Ordo\u00f1ez\",\"Torrestrella\"],\"articleSection\":[\"Abono Sevilla 2010\"],\"inLanguage\":\"es\",\"potentialAction\":[{\"@type\":\"CommentAction\",\"name\":\"Comment\",\"target\":[\"https:\\\/\\\/www.ignaciosanchezmejias.es\\\/index.php\\\/2010\\\/04\\\/24\\\/sabado-sabadete\\\/#respond\"]}]},{\"@type\":\"WebPage\",\"@id\":\"https:\\\/\\\/www.ignaciosanchezmejias.es\\\/index.php\\\/2010\\\/04\\\/24\\\/sabado-sabadete\\\/\",\"url\":\"https:\\\/\\\/www.ignaciosanchezmejias.es\\\/index.php\\\/2010\\\/04\\\/24\\\/sabado-sabadete\\\/\",\"name\":\"S\u00e1bado Sabadete - Sitio web de Ignacio S\u00e1nchez-Mej\u00edas Herrero\",\"isPartOf\":{\"@id\":\"https:\\\/\\\/www.ignaciosanchezmejias.es\\\/#website\"},\"primaryImageOfPage\":{\"@id\":\"https:\\\/\\\/www.ignaciosanchezmejias.es\\\/index.php\\\/2010\\\/04\\\/24\\\/sabado-sabadete\\\/#primaryimage\"},\"image\":{\"@id\":\"https:\\\/\\\/www.ignaciosanchezmejias.es\\\/index.php\\\/2010\\\/04\\\/24\\\/sabado-sabadete\\\/#primaryimage\"},\"thumbnailUrl\":\"https:\\\/\\\/www.ignaciosanchezmejias.es\\\/wp-content\\\/uploads\\\/2010\\\/04\\\/Fandi-Raul-Doblado.jpg\",\"datePublished\":\"2010-04-24T20:47:43+00:00\",\"dateModified\":\"2021-02-23T17:06:27+00:00\",\"breadcrumb\":{\"@id\":\"https:\\\/\\\/www.ignaciosanchezmejias.es\\\/index.php\\\/2010\\\/04\\\/24\\\/sabado-sabadete\\\/#breadcrumb\"},\"inLanguage\":\"es\",\"potentialAction\":[{\"@type\":\"ReadAction\",\"target\":[\"https:\\\/\\\/www.ignaciosanchezmejias.es\\\/index.php\\\/2010\\\/04\\\/24\\\/sabado-sabadete\\\/\"]}]},{\"@type\":\"ImageObject\",\"inLanguage\":\"es\",\"@id\":\"https:\\\/\\\/www.ignaciosanchezmejias.es\\\/index.php\\\/2010\\\/04\\\/24\\\/sabado-sabadete\\\/#primaryimage\",\"url\":\"https:\\\/\\\/www.ignaciosanchezmejias.es\\\/wp-content\\\/uploads\\\/2010\\\/04\\\/Fandi-Raul-Doblado.jpg\",\"contentUrl\":\"https:\\\/\\\/www.ignaciosanchezmejias.es\\\/wp-content\\\/uploads\\\/2010\\\/04\\\/Fandi-Raul-Doblado.jpg\",\"width\":518,\"height\":309,\"caption\":\"Foto. Ra\u00fal Doblado para abcdesevilla.es\"},{\"@type\":\"BreadcrumbList\",\"@id\":\"https:\\\/\\\/www.ignaciosanchezmejias.es\\\/index.php\\\/2010\\\/04\\\/24\\\/sabado-sabadete\\\/#breadcrumb\",\"itemListElement\":[{\"@type\":\"ListItem\",\"position\":1,\"name\":\"Portada\",\"item\":\"https:\\\/\\\/www.ignaciosanchezmejias.es\\\/\"},{\"@type\":\"ListItem\",\"position\":2,\"name\":\"S\u00e1bado Sabadete\"}]},{\"@type\":\"WebSite\",\"@id\":\"https:\\\/\\\/www.ignaciosanchezmejias.es\\\/#website\",\"url\":\"https:\\\/\\\/www.ignaciosanchezmejias.es\\\/\",\"name\":\"Blog de Ignacio S\u00e1nchez-Mej\u00edas\",\"description\":\"Sitio personal ISM\",\"publisher\":{\"@id\":\"https:\\\/\\\/www.ignaciosanchezmejias.es\\\/#\\\/schema\\\/person\\\/494d20bda3404108c02016d5e608fc65\"},\"potentialAction\":[{\"@type\":\"SearchAction\",\"target\":{\"@type\":\"EntryPoint\",\"urlTemplate\":\"https:\\\/\\\/www.ignaciosanchezmejias.es\\\/?s={search_term_string}\"},\"query-input\":{\"@type\":\"PropertyValueSpecification\",\"valueRequired\":true,\"valueName\":\"search_term_string\"}}],\"inLanguage\":\"es\"},{\"@type\":[\"Person\",\"Organization\"],\"@id\":\"https:\\\/\\\/www.ignaciosanchezmejias.es\\\/#\\\/schema\\\/person\\\/494d20bda3404108c02016d5e608fc65\",\"name\":\"isanchezmejias\",\"image\":{\"@type\":\"ImageObject\",\"inLanguage\":\"es\",\"@id\":\"https:\\\/\\\/www.ignaciosanchezmejias.es\\\/wp-content\\\/uploads\\\/2020\\\/06\\\/cropped-Yo-antes.jpg\",\"url\":\"https:\\\/\\\/www.ignaciosanchezmejias.es\\\/wp-content\\\/uploads\\\/2020\\\/06\\\/cropped-Yo-antes.jpg\",\"contentUrl\":\"https:\\\/\\\/www.ignaciosanchezmejias.es\\\/wp-content\\\/uploads\\\/2020\\\/06\\\/cropped-Yo-antes.jpg\",\"width\":681,\"height\":482,\"caption\":\"isanchezmejias\"},\"logo\":{\"@id\":\"https:\\\/\\\/www.ignaciosanchezmejias.es\\\/wp-content\\\/uploads\\\/2020\\\/06\\\/cropped-Yo-antes.jpg\"},\"sameAs\":[\"https:\\\/\\\/www.ignaciosanchezmejias.es\"],\"url\":\"https:\\\/\\\/www.ignaciosanchezmejias.es\\\/index.php\\\/author\\\/isanchezmejias\\\/\"}]}<\/script>\n<!-- \/ Yoast SEO plugin. -->","yoast_head_json":{"title":"S\u00e1bado Sabadete - Sitio web de Ignacio S\u00e1nchez-Mej\u00edas Herrero","robots":{"index":"index","follow":"follow","max-snippet":"max-snippet:-1","max-image-preview":"max-image-preview:large","max-video-preview":"max-video-preview:-1"},"canonical":"https:\/\/www.ignaciosanchezmejias.es\/index.php\/2010\/04\/24\/sabado-sabadete\/","og_locale":"es_ES","og_type":"article","og_title":"S\u00e1bado Sabadete - Sitio web de Ignacio S\u00e1nchez-Mej\u00edas Herrero","og_description":"Estas corridas del s\u00e1bado de farolillos las ha convertido la empresa en una especie de homenaje al turista. Toreros que conoce el gran p\u00fablico, y cuyos nombres suenan a esos visitantes que quieren ir a los toros en la Feria de Sevilla y que, probablemente, sea la \u00fanica vez que lo van a hacer en [&hellip;]","og_url":"https:\/\/www.ignaciosanchezmejias.es\/index.php\/2010\/04\/24\/sabado-sabadete\/","og_site_name":"Sitio web de Ignacio S\u00e1nchez-Mej\u00edas Herrero","article_published_time":"2010-04-24T20:47:43+00:00","article_modified_time":"2021-02-23T17:06:27+00:00","og_image":[{"width":518,"height":309,"url":"https:\/\/www.ignaciosanchezmejias.es\/wp-content\/uploads\/2010\/04\/Fandi-Raul-Doblado.jpg","type":"image\/jpeg"}],"author":"isanchezmejias","twitter_card":"summary_large_image","twitter_misc":{"Escrito por":"isanchezmejias","Tiempo de lectura":"2 minutos"},"schema":{"@context":"https:\/\/schema.org","@graph":[{"@type":"Article","@id":"https:\/\/www.ignaciosanchezmejias.es\/index.php\/2010\/04\/24\/sabado-sabadete\/#article","isPartOf":{"@id":"https:\/\/www.ignaciosanchezmejias.es\/index.php\/2010\/04\/24\/sabado-sabadete\/"},"author":{"name":"isanchezmejias","@id":"https:\/\/www.ignaciosanchezmejias.es\/#\/schema\/person\/494d20bda3404108c02016d5e608fc65"},"headline":"S\u00e1bado Sabadete","datePublished":"2010-04-24T20:47:43+00:00","dateModified":"2021-02-23T17:06:27+00:00","mainEntityOfPage":{"@id":"https:\/\/www.ignaciosanchezmejias.es\/index.php\/2010\/04\/24\/sabado-sabadete\/"},"wordCount":462,"commentCount":4,"publisher":{"@id":"https:\/\/www.ignaciosanchezmejias.es\/#\/schema\/person\/494d20bda3404108c02016d5e608fc65"},"image":{"@id":"https:\/\/www.ignaciosanchezmejias.es\/index.php\/2010\/04\/24\/sabado-sabadete\/#primaryimage"},"thumbnailUrl":"https:\/\/www.ignaciosanchezmejias.es\/wp-content\/uploads\/2010\/04\/Fandi-Raul-Doblado.jpg","keywords":["El Cordob\u00e9s","El Fandi","Rivera Ordo\u00f1ez","Torrestrella"],"articleSection":["Abono Sevilla 2010"],"inLanguage":"es","potentialAction":[{"@type":"CommentAction","name":"Comment","target":["https:\/\/www.ignaciosanchezmejias.es\/index.php\/2010\/04\/24\/sabado-sabadete\/#respond"]}]},{"@type":"WebPage","@id":"https:\/\/www.ignaciosanchezmejias.es\/index.php\/2010\/04\/24\/sabado-sabadete\/","url":"https:\/\/www.ignaciosanchezmejias.es\/index.php\/2010\/04\/24\/sabado-sabadete\/","name":"S\u00e1bado Sabadete - Sitio web de Ignacio S\u00e1nchez-Mej\u00edas Herrero","isPartOf":{"@id":"https:\/\/www.ignaciosanchezmejias.es\/#website"},"primaryImageOfPage":{"@id":"https:\/\/www.ignaciosanchezmejias.es\/index.php\/2010\/04\/24\/sabado-sabadete\/#primaryimage"},"image":{"@id":"https:\/\/www.ignaciosanchezmejias.es\/index.php\/2010\/04\/24\/sabado-sabadete\/#primaryimage"},"thumbnailUrl":"https:\/\/www.ignaciosanchezmejias.es\/wp-content\/uploads\/2010\/04\/Fandi-Raul-Doblado.jpg","datePublished":"2010-04-24T20:47:43+00:00","dateModified":"2021-02-23T17:06:27+00:00","breadcrumb":{"@id":"https:\/\/www.ignaciosanchezmejias.es\/index.php\/2010\/04\/24\/sabado-sabadete\/#breadcrumb"},"inLanguage":"es","potentialAction":[{"@type":"ReadAction","target":["https:\/\/www.ignaciosanchezmejias.es\/index.php\/2010\/04\/24\/sabado-sabadete\/"]}]},{"@type":"ImageObject","inLanguage":"es","@id":"https:\/\/www.ignaciosanchezmejias.es\/index.php\/2010\/04\/24\/sabado-sabadete\/#primaryimage","url":"https:\/\/www.ignaciosanchezmejias.es\/wp-content\/uploads\/2010\/04\/Fandi-Raul-Doblado.jpg","contentUrl":"https:\/\/www.ignaciosanchezmejias.es\/wp-content\/uploads\/2010\/04\/Fandi-Raul-Doblado.jpg","width":518,"height":309,"caption":"Foto. Ra\u00fal Doblado para abcdesevilla.es"},{"@type":"BreadcrumbList","@id":"https:\/\/www.ignaciosanchezmejias.es\/index.php\/2010\/04\/24\/sabado-sabadete\/#breadcrumb","itemListElement":[{"@type":"ListItem","position":1,"name":"Portada","item":"https:\/\/www.ignaciosanchezmejias.es\/"},{"@type":"ListItem","position":2,"name":"S\u00e1bado Sabadete"}]},{"@type":"WebSite","@id":"https:\/\/www.ignaciosanchezmejias.es\/#website","url":"https:\/\/www.ignaciosanchezmejias.es\/","name":"Blog de Ignacio S\u00e1nchez-Mej\u00edas","description":"Sitio personal ISM","publisher":{"@id":"https:\/\/www.ignaciosanchezmejias.es\/#\/schema\/person\/494d20bda3404108c02016d5e608fc65"},"potentialAction":[{"@type":"SearchAction","target":{"@type":"EntryPoint","urlTemplate":"https:\/\/www.ignaciosanchezmejias.es\/?s={search_term_string}"},"query-input":{"@type":"PropertyValueSpecification","valueRequired":true,"valueName":"search_term_string"}}],"inLanguage":"es"},{"@type":["Person","Organization"],"@id":"https:\/\/www.ignaciosanchezmejias.es\/#\/schema\/person\/494d20bda3404108c02016d5e608fc65","name":"isanchezmejias","image":{"@type":"ImageObject","inLanguage":"es","@id":"https:\/\/www.ignaciosanchezmejias.es\/wp-content\/uploads\/2020\/06\/cropped-Yo-antes.jpg","url":"https:\/\/www.ignaciosanchezmejias.es\/wp-content\/uploads\/2020\/06\/cropped-Yo-antes.jpg","contentUrl":"https:\/\/www.ignaciosanchezmejias.es\/wp-content\/uploads\/2020\/06\/cropped-Yo-antes.jpg","width":681,"height":482,"caption":"isanchezmejias"},"logo":{"@id":"https:\/\/www.ignaciosanchezmejias.es\/wp-content\/uploads\/2020\/06\/cropped-Yo-antes.jpg"},"sameAs":["https:\/\/www.ignaciosanchezmejias.es"],"url":"https:\/\/www.ignaciosanchezmejias.es\/index.php\/author\/isanchezmejias\/"}]}},"_links":{"self":[{"href":"https:\/\/www.ignaciosanchezmejias.es\/index.php\/wp-json\/wp\/v2\/posts\/1422","targetHints":{"allow":["GET"]}}],"collection":[{"href":"https:\/\/www.ignaciosanchezmejias.es\/index.php\/wp-json\/wp\/v2\/posts"}],"about":[{"href":"https:\/\/www.ignaciosanchezmejias.es\/index.php\/wp-json\/wp\/v2\/types\/post"}],"author":[{"embeddable":true,"href":"https:\/\/www.ignaciosanchezmejias.es\/index.php\/wp-json\/wp\/v2\/users\/1"}],"replies":[{"embeddable":true,"href":"https:\/\/www.ignaciosanchezmejias.es\/index.php\/wp-json\/wp\/v2\/comments?post=1422"}],"version-history":[{"count":1,"href":"https:\/\/www.ignaciosanchezmejias.es\/index.php\/wp-json\/wp\/v2\/posts\/1422\/revisions"}],"predecessor-version":[{"id":4783,"href":"https:\/\/www.ignaciosanchezmejias.es\/index.php\/wp-json\/wp\/v2\/posts\/1422\/revisions\/4783"}],"wp:featuredmedia":[{"embeddable":true,"href":"https:\/\/www.ignaciosanchezmejias.es\/index.php\/wp-json\/wp\/v2\/media\/4781"}],"wp:attachment":[{"href":"https:\/\/www.ignaciosanchezmejias.es\/index.php\/wp-json\/wp\/v2\/media?parent=1422"}],"wp:term":[{"taxonomy":"category","embeddable":true,"href":"https:\/\/www.ignaciosanchezmejias.es\/index.php\/wp-json\/wp\/v2\/categories?post=1422"},{"taxonomy":"post_tag","embeddable":true,"href":"https:\/\/www.ignaciosanchezmejias.es\/index.php\/wp-json\/wp\/v2\/tags?post=1422"}],"curies":[{"name":"wp","href":"https:\/\/api.w.org\/{rel}","templated":true}]}}