{"id":1356,"date":"2010-04-13T21:19:14","date_gmt":"2010-04-13T20:19:14","guid":{"rendered":"http:\/\/blogs.sevilla.abc.es\/desdeeltendido2\/?p=1356"},"modified":"2021-01-12T09:59:11","modified_gmt":"2021-01-12T09:59:11","slug":"amenaza-lluvia","status":"publish","type":"post","link":"https:\/\/www.ignaciosanchezmejias.es\/index.php\/2010\/04\/13\/amenaza-lluvia\/","title":{"rendered":"Amenaza Lluvia"},"content":{"rendered":"\n<p>Hoy hemos ido a la Maestranza pertrechados para las inclemencias del tiempo. Si ya de por s\u00ed la plaza es inc\u00f3moda, cuando llueve es insoportable. Hay que tener afici\u00f3n para ir a los toros lloviendo, y, seg\u00fan dicen los que saben, en los pr\u00f3ximos d\u00edas nos la van a poner a prueba. Por lo menos vemos las nuevas tendencias en prendas contra el agua. Una vecina ha llevado un precioso capote impermeable ingl\u00e9s, de esos que se ponen los se\u00f1ores para ir en bicicleta y con paraguas \u00a1Sabr\u00e1n los ingleses de agua!<\/p>\n\n\n\n<p>A mi la ganader\u00eda de Palha hace a\u00f1os que no me dice nada, y eso que tengo vecinos que son verdaderos partidarios. Adem\u00e1s, la corrida de hoy ha estado desigualmente presentada. Ha ido desde un chico segundo a un precioso cuarto, pero muy desparejos. Son toros con peligro, que se enteran, pero despu\u00e9s muy poco agradecidos para los toreros, porque, cuando pasan, que son pocas veces, lo hacen sir decir nada. Hoy tampoco han ayudado los piqueros. Adem\u00e1s, se han escobillado casi todos de rematar en tablas.<\/p>\n\n\n\n<p>El Mexicano Arturo Mac\u00edas ha vuelto a pagar con su sangre su falta de adaptaci\u00f3n al toro espa\u00f1ol. Ha estado muy dispuesto toda la tarde y exponiendo. Ya el primero le dio un \u201ctantarant\u00e1n\u201d en un quite y le destroz\u00f3 las taleguillas. Sali\u00f3 a torear con una especie de pololos blancos que tapaban los destrozos, que m\u00e1s bien parec\u00edan unos calzoncillos hasta la rodilla, pero de su talla, ajustaditos. Ser\u00e1 un nuevo \u00fatil de los \u201cmozoesp\u00e1s\u201d en vez del antiest\u00e9tico pantal\u00f3n de monosabio. Debe de ir corrigiendo defectos, como el de quedarse a la derecha del toro en el tercio de varas, que en sus dos toros tuvo que llamarle la atenci\u00f3n el alguacilillo. Su segundo lo cogi\u00f3 de mala manera y la \u201ccorn\u00e1\u201d parec\u00eda muy grave, aunque al final el presidente tranquiliz\u00f3 comentando que no lo era tanto. Habr\u00e1 que verlo m\u00e1s.<\/p>\n\n\n\n<p>Seraf\u00edn Mar\u00edn ha matado muy bien a su segundo y lo ha intentado, pero, como digo, sus toros no dec\u00edan nada. A Iv\u00e1n Fandi\u00f1o le ha tocado un sexto toro que era una prenda, verdaderamente infumable.<\/p>\n\n\n\n<p>Antes de empezar la corrida nos entretuvimos viendo como quitan el est\u00e9tico impermeable blanco con que se protege el albero cuando llueve, que tiene pintadas hasta las dos rayas de los picadores. El proceso de retirada es un arte manual en el que intervienes como tres docenas de operarios, perfectamente instruidos.<\/p>\n","protected":false},"excerpt":{"rendered":"<p>Hoy hemos ido a la Maestranza pertrechados para las inclemencias del tiempo. Si ya de por s\u00ed la plaza es inc\u00f3moda, cuando llueve es insoportable. Hay que tener afici\u00f3n para ir a los toros lloviendo, y, seg\u00fan dicen los que saben, en los pr\u00f3ximos d\u00edas nos la van a poner a prueba. Por lo menos [&hellip;]<\/p>\n","protected":false},"author":1,"featured_media":4748,"comment_status":"open","ping_status":"open","sticky":false,"template":"","format":"standard","meta":{"footnotes":""},"categories":[416],"tags":[325,326,7,327],"class_list":["post-1356","post","type-post","status-publish","format-standard","has-post-thumbnail","hentry","category-abono-sevilla-2010","tag-arturo-macias","tag-ivan-fandino","tag-palha","tag-serafin-marin"],"yoast_head":"<!-- This site is optimized with the Yoast SEO plugin v27.5 - https:\/\/yoast.com\/product\/yoast-seo-wordpress\/ -->\n<title>Amenaza Lluvia - Sitio web de Ignacio S\u00e1nchez-Mej\u00edas Herrero<\/title>\n<meta name=\"robots\" content=\"index, follow, max-snippet:-1, max-image-preview:large, max-video-preview:-1\" \/>\n<link rel=\"canonical\" href=\"https:\/\/www.ignaciosanchezmejias.es\/index.php\/2010\/04\/13\/amenaza-lluvia\/\" \/>\n<meta property=\"og:locale\" content=\"es_ES\" \/>\n<meta property=\"og:type\" content=\"article\" \/>\n<meta property=\"og:title\" content=\"Amenaza Lluvia - Sitio web de Ignacio S\u00e1nchez-Mej\u00edas Herrero\" \/>\n<meta property=\"og:description\" content=\"Hoy hemos ido a la Maestranza pertrechados para las inclemencias del tiempo. Si ya de por s\u00ed la plaza es inc\u00f3moda, cuando llueve es insoportable. Hay que tener afici\u00f3n para ir a los toros lloviendo, y, seg\u00fan dicen los que saben, en los pr\u00f3ximos d\u00edas nos la van a poner a prueba. Por lo menos [&hellip;]\" \/>\n<meta property=\"og:url\" content=\"https:\/\/www.ignaciosanchezmejias.es\/index.php\/2010\/04\/13\/amenaza-lluvia\/\" \/>\n<meta property=\"og:site_name\" content=\"Sitio web de Ignacio S\u00e1nchez-Mej\u00edas Herrero\" \/>\n<meta property=\"article:published_time\" content=\"2010-04-13T20:19:14+00:00\" \/>\n<meta property=\"article:modified_time\" content=\"2021-01-12T09:59:11+00:00\" \/>\n<meta property=\"og:image\" content=\"https:\/\/www.ignaciosanchezmejias.es\/wp-content\/uploads\/2010\/04\/macias.jpg\" \/>\n\t<meta property=\"og:image:width\" content=\"500\" \/>\n\t<meta property=\"og:image:height\" content=\"393\" \/>\n\t<meta property=\"og:image:type\" content=\"image\/jpeg\" \/>\n<meta name=\"author\" content=\"isanchezmejias\" \/>\n<meta name=\"twitter:card\" content=\"summary_large_image\" \/>\n<meta name=\"twitter:label1\" content=\"Escrito por\" \/>\n\t<meta name=\"twitter:data1\" content=\"isanchezmejias\" \/>\n\t<meta name=\"twitter:label2\" content=\"Tiempo de lectura\" \/>\n\t<meta name=\"twitter:data2\" content=\"2 minutos\" \/>\n<script type=\"application\/ld+json\" class=\"yoast-schema-graph\">{\"@context\":\"https:\\\/\\\/schema.org\",\"@graph\":[{\"@type\":\"Article\",\"@id\":\"https:\\\/\\\/www.ignaciosanchezmejias.es\\\/index.php\\\/2010\\\/04\\\/13\\\/amenaza-lluvia\\\/#article\",\"isPartOf\":{\"@id\":\"https:\\\/\\\/www.ignaciosanchezmejias.es\\\/index.php\\\/2010\\\/04\\\/13\\\/amenaza-lluvia\\\/\"},\"author\":{\"name\":\"isanchezmejias\",\"@id\":\"https:\\\/\\\/www.ignaciosanchezmejias.es\\\/#\\\/schema\\\/person\\\/494d20bda3404108c02016d5e608fc65\"},\"headline\":\"Amenaza Lluvia\",\"datePublished\":\"2010-04-13T20:19:14+00:00\",\"dateModified\":\"2021-01-12T09:59:11+00:00\",\"mainEntityOfPage\":{\"@id\":\"https:\\\/\\\/www.ignaciosanchezmejias.es\\\/index.php\\\/2010\\\/04\\\/13\\\/amenaza-lluvia\\\/\"},\"wordCount\":442,\"commentCount\":9,\"publisher\":{\"@id\":\"https:\\\/\\\/www.ignaciosanchezmejias.es\\\/#\\\/schema\\\/person\\\/494d20bda3404108c02016d5e608fc65\"},\"image\":{\"@id\":\"https:\\\/\\\/www.ignaciosanchezmejias.es\\\/index.php\\\/2010\\\/04\\\/13\\\/amenaza-lluvia\\\/#primaryimage\"},\"thumbnailUrl\":\"https:\\\/\\\/www.ignaciosanchezmejias.es\\\/wp-content\\\/uploads\\\/2010\\\/04\\\/macias.jpg\",\"keywords\":[\"Arturo Mac\u00edas\",\"Ivan Fandi\u00f1o\",\"Palha\",\"Seraf\u00edn Mar\u00edn\"],\"articleSection\":[\"Abono Sevilla 2010\"],\"inLanguage\":\"es\",\"potentialAction\":[{\"@type\":\"CommentAction\",\"name\":\"Comment\",\"target\":[\"https:\\\/\\\/www.ignaciosanchezmejias.es\\\/index.php\\\/2010\\\/04\\\/13\\\/amenaza-lluvia\\\/#respond\"]}]},{\"@type\":\"WebPage\",\"@id\":\"https:\\\/\\\/www.ignaciosanchezmejias.es\\\/index.php\\\/2010\\\/04\\\/13\\\/amenaza-lluvia\\\/\",\"url\":\"https:\\\/\\\/www.ignaciosanchezmejias.es\\\/index.php\\\/2010\\\/04\\\/13\\\/amenaza-lluvia\\\/\",\"name\":\"Amenaza Lluvia - Sitio web de Ignacio S\u00e1nchez-Mej\u00edas Herrero\",\"isPartOf\":{\"@id\":\"https:\\\/\\\/www.ignaciosanchezmejias.es\\\/#website\"},\"primaryImageOfPage\":{\"@id\":\"https:\\\/\\\/www.ignaciosanchezmejias.es\\\/index.php\\\/2010\\\/04\\\/13\\\/amenaza-lluvia\\\/#primaryimage\"},\"image\":{\"@id\":\"https:\\\/\\\/www.ignaciosanchezmejias.es\\\/index.php\\\/2010\\\/04\\\/13\\\/amenaza-lluvia\\\/#primaryimage\"},\"thumbnailUrl\":\"https:\\\/\\\/www.ignaciosanchezmejias.es\\\/wp-content\\\/uploads\\\/2010\\\/04\\\/macias.jpg\",\"datePublished\":\"2010-04-13T20:19:14+00:00\",\"dateModified\":\"2021-01-12T09:59:11+00:00\",\"breadcrumb\":{\"@id\":\"https:\\\/\\\/www.ignaciosanchezmejias.es\\\/index.php\\\/2010\\\/04\\\/13\\\/amenaza-lluvia\\\/#breadcrumb\"},\"inLanguage\":\"es\",\"potentialAction\":[{\"@type\":\"ReadAction\",\"target\":[\"https:\\\/\\\/www.ignaciosanchezmejias.es\\\/index.php\\\/2010\\\/04\\\/13\\\/amenaza-lluvia\\\/\"]}]},{\"@type\":\"ImageObject\",\"inLanguage\":\"es\",\"@id\":\"https:\\\/\\\/www.ignaciosanchezmejias.es\\\/index.php\\\/2010\\\/04\\\/13\\\/amenaza-lluvia\\\/#primaryimage\",\"url\":\"https:\\\/\\\/www.ignaciosanchezmejias.es\\\/wp-content\\\/uploads\\\/2010\\\/04\\\/macias.jpg\",\"contentUrl\":\"https:\\\/\\\/www.ignaciosanchezmejias.es\\\/wp-content\\\/uploads\\\/2010\\\/04\\\/macias.jpg\",\"width\":500,\"height\":393,\"caption\":\"Foto. MATITO para sevillataurina.es\"},{\"@type\":\"BreadcrumbList\",\"@id\":\"https:\\\/\\\/www.ignaciosanchezmejias.es\\\/index.php\\\/2010\\\/04\\\/13\\\/amenaza-lluvia\\\/#breadcrumb\",\"itemListElement\":[{\"@type\":\"ListItem\",\"position\":1,\"name\":\"Portada\",\"item\":\"https:\\\/\\\/www.ignaciosanchezmejias.es\\\/\"},{\"@type\":\"ListItem\",\"position\":2,\"name\":\"Amenaza Lluvia\"}]},{\"@type\":\"WebSite\",\"@id\":\"https:\\\/\\\/www.ignaciosanchezmejias.es\\\/#website\",\"url\":\"https:\\\/\\\/www.ignaciosanchezmejias.es\\\/\",\"name\":\"Blog de Ignacio S\u00e1nchez-Mej\u00edas\",\"description\":\"Sitio personal ISM\",\"publisher\":{\"@id\":\"https:\\\/\\\/www.ignaciosanchezmejias.es\\\/#\\\/schema\\\/person\\\/494d20bda3404108c02016d5e608fc65\"},\"potentialAction\":[{\"@type\":\"SearchAction\",\"target\":{\"@type\":\"EntryPoint\",\"urlTemplate\":\"https:\\\/\\\/www.ignaciosanchezmejias.es\\\/?s={search_term_string}\"},\"query-input\":{\"@type\":\"PropertyValueSpecification\",\"valueRequired\":true,\"valueName\":\"search_term_string\"}}],\"inLanguage\":\"es\"},{\"@type\":[\"Person\",\"Organization\"],\"@id\":\"https:\\\/\\\/www.ignaciosanchezmejias.es\\\/#\\\/schema\\\/person\\\/494d20bda3404108c02016d5e608fc65\",\"name\":\"isanchezmejias\",\"image\":{\"@type\":\"ImageObject\",\"inLanguage\":\"es\",\"@id\":\"https:\\\/\\\/www.ignaciosanchezmejias.es\\\/wp-content\\\/uploads\\\/2020\\\/06\\\/cropped-Yo-antes.jpg\",\"url\":\"https:\\\/\\\/www.ignaciosanchezmejias.es\\\/wp-content\\\/uploads\\\/2020\\\/06\\\/cropped-Yo-antes.jpg\",\"contentUrl\":\"https:\\\/\\\/www.ignaciosanchezmejias.es\\\/wp-content\\\/uploads\\\/2020\\\/06\\\/cropped-Yo-antes.jpg\",\"width\":681,\"height\":482,\"caption\":\"isanchezmejias\"},\"logo\":{\"@id\":\"https:\\\/\\\/www.ignaciosanchezmejias.es\\\/wp-content\\\/uploads\\\/2020\\\/06\\\/cropped-Yo-antes.jpg\"},\"sameAs\":[\"https:\\\/\\\/www.ignaciosanchezmejias.es\"],\"url\":\"https:\\\/\\\/www.ignaciosanchezmejias.es\\\/index.php\\\/author\\\/isanchezmejias\\\/\"}]}<\/script>\n<!-- \/ Yoast SEO plugin. -->","yoast_head_json":{"title":"Amenaza Lluvia - Sitio web de Ignacio S\u00e1nchez-Mej\u00edas Herrero","robots":{"index":"index","follow":"follow","max-snippet":"max-snippet:-1","max-image-preview":"max-image-preview:large","max-video-preview":"max-video-preview:-1"},"canonical":"https:\/\/www.ignaciosanchezmejias.es\/index.php\/2010\/04\/13\/amenaza-lluvia\/","og_locale":"es_ES","og_type":"article","og_title":"Amenaza Lluvia - Sitio web de Ignacio S\u00e1nchez-Mej\u00edas Herrero","og_description":"Hoy hemos ido a la Maestranza pertrechados para las inclemencias del tiempo. Si ya de por s\u00ed la plaza es inc\u00f3moda, cuando llueve es insoportable. Hay que tener afici\u00f3n para ir a los toros lloviendo, y, seg\u00fan dicen los que saben, en los pr\u00f3ximos d\u00edas nos la van a poner a prueba. Por lo menos [&hellip;]","og_url":"https:\/\/www.ignaciosanchezmejias.es\/index.php\/2010\/04\/13\/amenaza-lluvia\/","og_site_name":"Sitio web de Ignacio S\u00e1nchez-Mej\u00edas Herrero","article_published_time":"2010-04-13T20:19:14+00:00","article_modified_time":"2021-01-12T09:59:11+00:00","og_image":[{"width":500,"height":393,"url":"https:\/\/www.ignaciosanchezmejias.es\/wp-content\/uploads\/2010\/04\/macias.jpg","type":"image\/jpeg"}],"author":"isanchezmejias","twitter_card":"summary_large_image","twitter_misc":{"Escrito por":"isanchezmejias","Tiempo de lectura":"2 minutos"},"schema":{"@context":"https:\/\/schema.org","@graph":[{"@type":"Article","@id":"https:\/\/www.ignaciosanchezmejias.es\/index.php\/2010\/04\/13\/amenaza-lluvia\/#article","isPartOf":{"@id":"https:\/\/www.ignaciosanchezmejias.es\/index.php\/2010\/04\/13\/amenaza-lluvia\/"},"author":{"name":"isanchezmejias","@id":"https:\/\/www.ignaciosanchezmejias.es\/#\/schema\/person\/494d20bda3404108c02016d5e608fc65"},"headline":"Amenaza Lluvia","datePublished":"2010-04-13T20:19:14+00:00","dateModified":"2021-01-12T09:59:11+00:00","mainEntityOfPage":{"@id":"https:\/\/www.ignaciosanchezmejias.es\/index.php\/2010\/04\/13\/amenaza-lluvia\/"},"wordCount":442,"commentCount":9,"publisher":{"@id":"https:\/\/www.ignaciosanchezmejias.es\/#\/schema\/person\/494d20bda3404108c02016d5e608fc65"},"image":{"@id":"https:\/\/www.ignaciosanchezmejias.es\/index.php\/2010\/04\/13\/amenaza-lluvia\/#primaryimage"},"thumbnailUrl":"https:\/\/www.ignaciosanchezmejias.es\/wp-content\/uploads\/2010\/04\/macias.jpg","keywords":["Arturo Mac\u00edas","Ivan Fandi\u00f1o","Palha","Seraf\u00edn Mar\u00edn"],"articleSection":["Abono Sevilla 2010"],"inLanguage":"es","potentialAction":[{"@type":"CommentAction","name":"Comment","target":["https:\/\/www.ignaciosanchezmejias.es\/index.php\/2010\/04\/13\/amenaza-lluvia\/#respond"]}]},{"@type":"WebPage","@id":"https:\/\/www.ignaciosanchezmejias.es\/index.php\/2010\/04\/13\/amenaza-lluvia\/","url":"https:\/\/www.ignaciosanchezmejias.es\/index.php\/2010\/04\/13\/amenaza-lluvia\/","name":"Amenaza Lluvia - Sitio web de Ignacio S\u00e1nchez-Mej\u00edas Herrero","isPartOf":{"@id":"https:\/\/www.ignaciosanchezmejias.es\/#website"},"primaryImageOfPage":{"@id":"https:\/\/www.ignaciosanchezmejias.es\/index.php\/2010\/04\/13\/amenaza-lluvia\/#primaryimage"},"image":{"@id":"https:\/\/www.ignaciosanchezmejias.es\/index.php\/2010\/04\/13\/amenaza-lluvia\/#primaryimage"},"thumbnailUrl":"https:\/\/www.ignaciosanchezmejias.es\/wp-content\/uploads\/2010\/04\/macias.jpg","datePublished":"2010-04-13T20:19:14+00:00","dateModified":"2021-01-12T09:59:11+00:00","breadcrumb":{"@id":"https:\/\/www.ignaciosanchezmejias.es\/index.php\/2010\/04\/13\/amenaza-lluvia\/#breadcrumb"},"inLanguage":"es","potentialAction":[{"@type":"ReadAction","target":["https:\/\/www.ignaciosanchezmejias.es\/index.php\/2010\/04\/13\/amenaza-lluvia\/"]}]},{"@type":"ImageObject","inLanguage":"es","@id":"https:\/\/www.ignaciosanchezmejias.es\/index.php\/2010\/04\/13\/amenaza-lluvia\/#primaryimage","url":"https:\/\/www.ignaciosanchezmejias.es\/wp-content\/uploads\/2010\/04\/macias.jpg","contentUrl":"https:\/\/www.ignaciosanchezmejias.es\/wp-content\/uploads\/2010\/04\/macias.jpg","width":500,"height":393,"caption":"Foto. MATITO para sevillataurina.es"},{"@type":"BreadcrumbList","@id":"https:\/\/www.ignaciosanchezmejias.es\/index.php\/2010\/04\/13\/amenaza-lluvia\/#breadcrumb","itemListElement":[{"@type":"ListItem","position":1,"name":"Portada","item":"https:\/\/www.ignaciosanchezmejias.es\/"},{"@type":"ListItem","position":2,"name":"Amenaza Lluvia"}]},{"@type":"WebSite","@id":"https:\/\/www.ignaciosanchezmejias.es\/#website","url":"https:\/\/www.ignaciosanchezmejias.es\/","name":"Blog de Ignacio S\u00e1nchez-Mej\u00edas","description":"Sitio personal ISM","publisher":{"@id":"https:\/\/www.ignaciosanchezmejias.es\/#\/schema\/person\/494d20bda3404108c02016d5e608fc65"},"potentialAction":[{"@type":"SearchAction","target":{"@type":"EntryPoint","urlTemplate":"https:\/\/www.ignaciosanchezmejias.es\/?s={search_term_string}"},"query-input":{"@type":"PropertyValueSpecification","valueRequired":true,"valueName":"search_term_string"}}],"inLanguage":"es"},{"@type":["Person","Organization"],"@id":"https:\/\/www.ignaciosanchezmejias.es\/#\/schema\/person\/494d20bda3404108c02016d5e608fc65","name":"isanchezmejias","image":{"@type":"ImageObject","inLanguage":"es","@id":"https:\/\/www.ignaciosanchezmejias.es\/wp-content\/uploads\/2020\/06\/cropped-Yo-antes.jpg","url":"https:\/\/www.ignaciosanchezmejias.es\/wp-content\/uploads\/2020\/06\/cropped-Yo-antes.jpg","contentUrl":"https:\/\/www.ignaciosanchezmejias.es\/wp-content\/uploads\/2020\/06\/cropped-Yo-antes.jpg","width":681,"height":482,"caption":"isanchezmejias"},"logo":{"@id":"https:\/\/www.ignaciosanchezmejias.es\/wp-content\/uploads\/2020\/06\/cropped-Yo-antes.jpg"},"sameAs":["https:\/\/www.ignaciosanchezmejias.es"],"url":"https:\/\/www.ignaciosanchezmejias.es\/index.php\/author\/isanchezmejias\/"}]}},"_links":{"self":[{"href":"https:\/\/www.ignaciosanchezmejias.es\/index.php\/wp-json\/wp\/v2\/posts\/1356","targetHints":{"allow":["GET"]}}],"collection":[{"href":"https:\/\/www.ignaciosanchezmejias.es\/index.php\/wp-json\/wp\/v2\/posts"}],"about":[{"href":"https:\/\/www.ignaciosanchezmejias.es\/index.php\/wp-json\/wp\/v2\/types\/post"}],"author":[{"embeddable":true,"href":"https:\/\/www.ignaciosanchezmejias.es\/index.php\/wp-json\/wp\/v2\/users\/1"}],"replies":[{"embeddable":true,"href":"https:\/\/www.ignaciosanchezmejias.es\/index.php\/wp-json\/wp\/v2\/comments?post=1356"}],"version-history":[{"count":2,"href":"https:\/\/www.ignaciosanchezmejias.es\/index.php\/wp-json\/wp\/v2\/posts\/1356\/revisions"}],"predecessor-version":[{"id":4749,"href":"https:\/\/www.ignaciosanchezmejias.es\/index.php\/wp-json\/wp\/v2\/posts\/1356\/revisions\/4749"}],"wp:featuredmedia":[{"embeddable":true,"href":"https:\/\/www.ignaciosanchezmejias.es\/index.php\/wp-json\/wp\/v2\/media\/4748"}],"wp:attachment":[{"href":"https:\/\/www.ignaciosanchezmejias.es\/index.php\/wp-json\/wp\/v2\/media?parent=1356"}],"wp:term":[{"taxonomy":"category","embeddable":true,"href":"https:\/\/www.ignaciosanchezmejias.es\/index.php\/wp-json\/wp\/v2\/categories?post=1356"},{"taxonomy":"post_tag","embeddable":true,"href":"https:\/\/www.ignaciosanchezmejias.es\/index.php\/wp-json\/wp\/v2\/tags?post=1356"}],"curies":[{"name":"wp","href":"https:\/\/api.w.org\/{rel}","templated":true}]}}