{"id":1209,"date":"2010-01-15T19:45:21","date_gmt":"2010-01-15T18:45:21","guid":{"rendered":"http:\/\/blogs.sevilla.abc.es\/desdeeltendido2\/?p=1209"},"modified":"2021-01-07T17:01:58","modified_gmt":"2021-01-07T17:01:58","slug":"el-cartel-del-domingo-de-resurreccion","status":"publish","type":"post","link":"https:\/\/www.ignaciosanchezmejias.es\/index.php\/2010\/01\/15\/el-cartel-del-domingo-de-resurreccion\/","title":{"rendered":"El cartel del Domingo de Resurrecci\u00f3n"},"content":{"rendered":"\n<p>Para muchos de los abonados sevillanos la corrida del Domingo de Resurrecci\u00f3n es la m\u00e1s importante de la temporada. Es el d\u00eda que volvemos a encontrarnos con nuestros amigos y vecinos de abono, despu\u00e9s de pasar un invierno sin toros. Yo, al menos, no suelo ver toros hasta ese d\u00eda, no s\u00e9, es como una tradici\u00f3n.<\/p>\n\n\n\n<p>Poco a poco nos van llegando noticias de la configuraci\u00f3n de los carteles del 2010. \u00daltimamente, el periodista de ABC de Sevilla, Fernando Carrasco, ha ido publicando que tanto Morante de la Puebla como Manzanares parecen contratados para ese d\u00eda. <a href=\"http:\/\/sevilla.abc.es\/20100115\/sevilla-toros-toros\/morante-cierra-presencia-sevilla-20100115.html\" target=\"_blank\" rel=\"noopener\">Morante ha contratado 4 tardes <\/a>(1 en San Miguel) y <a href=\"http:\/\/sevilla.abc.es\/20100113\/sevilla-toros-toros\/toreara-devictorino-pero-estara-20100113.html\" target=\"_blank\" rel=\"noopener\">El Cid otras 4<\/a> (igualmente con otra en San Miguel) y matando la de Victorino, siendo estos dos toreros, la base del abono.<\/p>\n\n\n\n<p>Falta por conocer el tercer espada del Domingo de Resurrecci\u00f3n. Seg\u00fan leemos, quien m\u00e1s papeletas tiene es Perera, ausente del abono del 2009, precisamente, por no ser contratado para ese d\u00eda. A mi me parece una excelente terna para abrir temporada. Muy del gusto de la afici\u00f3n de Sevilla. Aunque est\u00e9n ausentes toreros como El Juli o Castella que, sin duda, lo merecen, no me parece mala combinaci\u00f3n.<\/p>\n\n\n\n<figure class=\"wp-block-image size-large\"><img loading=\"lazy\" decoding=\"async\" width=\"400\" height=\"262\" src=\"https:\/\/www.ignaciosanchezmejias.es\/wp-content\/uploads\/2021\/01\/el_cid_20-04-03_sevilla.jpg\" alt=\"\" class=\"wp-image-4697\" srcset=\"https:\/\/www.ignaciosanchezmejias.es\/wp-content\/uploads\/2021\/01\/el_cid_20-04-03_sevilla.jpg 400w, https:\/\/www.ignaciosanchezmejias.es\/wp-content\/uploads\/2021\/01\/el_cid_20-04-03_sevilla-300x197.jpg 300w\" sizes=\"auto, (max-width: 400px) 100vw, 400px\" \/><\/figure>\n\n\n\n<p>Ahora falta por conocer los toros. S\u00f3lo en pensar en el bodrio de corrida del a\u00f1o pasado se me ponen los pelos de punta con el ganado, ya que el fracaso de Zalduendo en 2009 fue sonado. Esperemos que este a\u00f1o empresa y ganadero hayan tenido mejor tino.<\/p>\n\n\n\n<p>Ya iremos comentando lo que se vaya conociendo sobre el abono, pero, despu\u00e9s de la decepci\u00f3n de no poder contar con Jos\u00e9 Tom\u00e1s para abrirlo, no me parece nada mal el cartel que se quiere componer.<\/p>\n","protected":false},"excerpt":{"rendered":"<p>Para muchos de los abonados sevillanos la corrida del Domingo de Resurrecci\u00f3n es la m\u00e1s importante de la temporada. Es el d\u00eda que volvemos a encontrarnos con nuestros amigos y vecinos de abono, despu\u00e9s de pasar un invierno sin toros. Yo, al menos, no suelo ver toros hasta ese d\u00eda, no s\u00e9, es como una [&hellip;]<\/p>\n","protected":false},"author":1,"featured_media":4696,"comment_status":"open","ping_status":"open","sticky":false,"template":"","format":"standard","meta":{"footnotes":""},"categories":[416],"tags":[32,19,237,29,227,231,81],"class_list":["post-1209","post","type-post","status-publish","format-standard","has-post-thumbnail","hentry","category-abono-sevilla-2010","tag-el-cid","tag-jose-tomas","tag-manzanares","tag-morante-de-la-puebla","tag-perera","tag-victorino","tag-zalduendo"],"yoast_head":"<!-- This site is optimized with the Yoast SEO plugin v27.4 - https:\/\/yoast.com\/product\/yoast-seo-wordpress\/ -->\n<title>El cartel del Domingo de Resurrecci\u00f3n - Sitio web de Ignacio S\u00e1nchez-Mej\u00edas Herrero<\/title>\n<meta name=\"robots\" content=\"index, follow, max-snippet:-1, max-image-preview:large, max-video-preview:-1\" \/>\n<link rel=\"canonical\" href=\"https:\/\/www.ignaciosanchezmejias.es\/index.php\/2010\/01\/15\/el-cartel-del-domingo-de-resurreccion\/\" \/>\n<meta property=\"og:locale\" content=\"es_ES\" \/>\n<meta property=\"og:type\" content=\"article\" \/>\n<meta property=\"og:title\" content=\"El cartel del Domingo de Resurrecci\u00f3n - Sitio web de Ignacio S\u00e1nchez-Mej\u00edas Herrero\" \/>\n<meta property=\"og:description\" content=\"Para muchos de los abonados sevillanos la corrida del Domingo de Resurrecci\u00f3n es la m\u00e1s importante de la temporada. Es el d\u00eda que volvemos a encontrarnos con nuestros amigos y vecinos de abono, despu\u00e9s de pasar un invierno sin toros. Yo, al menos, no suelo ver toros hasta ese d\u00eda, no s\u00e9, es como una [&hellip;]\" \/>\n<meta property=\"og:url\" content=\"https:\/\/www.ignaciosanchezmejias.es\/index.php\/2010\/01\/15\/el-cartel-del-domingo-de-resurreccion\/\" \/>\n<meta property=\"og:site_name\" content=\"Sitio web de Ignacio S\u00e1nchez-Mej\u00edas Herrero\" \/>\n<meta property=\"article:published_time\" content=\"2010-01-15T18:45:21+00:00\" \/>\n<meta property=\"article:modified_time\" content=\"2021-01-07T17:01:58+00:00\" \/>\n<meta property=\"og:image\" content=\"https:\/\/www.ignaciosanchezmejias.es\/wp-content\/uploads\/2010\/01\/morante-capote-en-sevilla.jpg\" \/>\n\t<meta property=\"og:image:width\" content=\"500\" \/>\n\t<meta property=\"og:image:height\" content=\"352\" \/>\n\t<meta property=\"og:image:type\" content=\"image\/jpeg\" \/>\n<meta name=\"author\" content=\"isanchezmejias\" \/>\n<meta name=\"twitter:card\" content=\"summary_large_image\" \/>\n<meta name=\"twitter:label1\" content=\"Escrito por\" \/>\n\t<meta name=\"twitter:data1\" content=\"isanchezmejias\" \/>\n\t<meta name=\"twitter:label2\" content=\"Tiempo de lectura\" \/>\n\t<meta name=\"twitter:data2\" content=\"1 minuto\" \/>\n<script type=\"application\/ld+json\" class=\"yoast-schema-graph\">{\"@context\":\"https:\\\/\\\/schema.org\",\"@graph\":[{\"@type\":\"Article\",\"@id\":\"https:\\\/\\\/www.ignaciosanchezmejias.es\\\/index.php\\\/2010\\\/01\\\/15\\\/el-cartel-del-domingo-de-resurreccion\\\/#article\",\"isPartOf\":{\"@id\":\"https:\\\/\\\/www.ignaciosanchezmejias.es\\\/index.php\\\/2010\\\/01\\\/15\\\/el-cartel-del-domingo-de-resurreccion\\\/\"},\"author\":{\"name\":\"isanchezmejias\",\"@id\":\"https:\\\/\\\/www.ignaciosanchezmejias.es\\\/#\\\/schema\\\/person\\\/494d20bda3404108c02016d5e608fc65\"},\"headline\":\"El cartel del Domingo de Resurrecci\u00f3n\",\"datePublished\":\"2010-01-15T18:45:21+00:00\",\"dateModified\":\"2021-01-07T17:01:58+00:00\",\"mainEntityOfPage\":{\"@id\":\"https:\\\/\\\/www.ignaciosanchezmejias.es\\\/index.php\\\/2010\\\/01\\\/15\\\/el-cartel-del-domingo-de-resurreccion\\\/\"},\"wordCount\":303,\"commentCount\":13,\"publisher\":{\"@id\":\"https:\\\/\\\/www.ignaciosanchezmejias.es\\\/#\\\/schema\\\/person\\\/494d20bda3404108c02016d5e608fc65\"},\"image\":{\"@id\":\"https:\\\/\\\/www.ignaciosanchezmejias.es\\\/index.php\\\/2010\\\/01\\\/15\\\/el-cartel-del-domingo-de-resurreccion\\\/#primaryimage\"},\"thumbnailUrl\":\"https:\\\/\\\/www.ignaciosanchezmejias.es\\\/wp-content\\\/uploads\\\/2010\\\/01\\\/morante-capote-en-sevilla.jpg\",\"keywords\":[\"El Cid\",\"Jos\u00e9 Tom\u00e1s\",\"Manzanares\",\"Morante de la Puebla\",\"Perera\",\"Victorino\",\"Zalduendo\"],\"articleSection\":[\"Abono Sevilla 2010\"],\"inLanguage\":\"es\",\"potentialAction\":[{\"@type\":\"CommentAction\",\"name\":\"Comment\",\"target\":[\"https:\\\/\\\/www.ignaciosanchezmejias.es\\\/index.php\\\/2010\\\/01\\\/15\\\/el-cartel-del-domingo-de-resurreccion\\\/#respond\"]}]},{\"@type\":\"WebPage\",\"@id\":\"https:\\\/\\\/www.ignaciosanchezmejias.es\\\/index.php\\\/2010\\\/01\\\/15\\\/el-cartel-del-domingo-de-resurreccion\\\/\",\"url\":\"https:\\\/\\\/www.ignaciosanchezmejias.es\\\/index.php\\\/2010\\\/01\\\/15\\\/el-cartel-del-domingo-de-resurreccion\\\/\",\"name\":\"El cartel del Domingo de Resurrecci\u00f3n - Sitio web de Ignacio S\u00e1nchez-Mej\u00edas Herrero\",\"isPartOf\":{\"@id\":\"https:\\\/\\\/www.ignaciosanchezmejias.es\\\/#website\"},\"primaryImageOfPage\":{\"@id\":\"https:\\\/\\\/www.ignaciosanchezmejias.es\\\/index.php\\\/2010\\\/01\\\/15\\\/el-cartel-del-domingo-de-resurreccion\\\/#primaryimage\"},\"image\":{\"@id\":\"https:\\\/\\\/www.ignaciosanchezmejias.es\\\/index.php\\\/2010\\\/01\\\/15\\\/el-cartel-del-domingo-de-resurreccion\\\/#primaryimage\"},\"thumbnailUrl\":\"https:\\\/\\\/www.ignaciosanchezmejias.es\\\/wp-content\\\/uploads\\\/2010\\\/01\\\/morante-capote-en-sevilla.jpg\",\"datePublished\":\"2010-01-15T18:45:21+00:00\",\"dateModified\":\"2021-01-07T17:01:58+00:00\",\"breadcrumb\":{\"@id\":\"https:\\\/\\\/www.ignaciosanchezmejias.es\\\/index.php\\\/2010\\\/01\\\/15\\\/el-cartel-del-domingo-de-resurreccion\\\/#breadcrumb\"},\"inLanguage\":\"es\",\"potentialAction\":[{\"@type\":\"ReadAction\",\"target\":[\"https:\\\/\\\/www.ignaciosanchezmejias.es\\\/index.php\\\/2010\\\/01\\\/15\\\/el-cartel-del-domingo-de-resurreccion\\\/\"]}]},{\"@type\":\"ImageObject\",\"inLanguage\":\"es\",\"@id\":\"https:\\\/\\\/www.ignaciosanchezmejias.es\\\/index.php\\\/2010\\\/01\\\/15\\\/el-cartel-del-domingo-de-resurreccion\\\/#primaryimage\",\"url\":\"https:\\\/\\\/www.ignaciosanchezmejias.es\\\/wp-content\\\/uploads\\\/2010\\\/01\\\/morante-capote-en-sevilla.jpg\",\"contentUrl\":\"https:\\\/\\\/www.ignaciosanchezmejias.es\\\/wp-content\\\/uploads\\\/2010\\\/01\\\/morante-capote-en-sevilla.jpg\",\"width\":500,\"height\":352},{\"@type\":\"BreadcrumbList\",\"@id\":\"https:\\\/\\\/www.ignaciosanchezmejias.es\\\/index.php\\\/2010\\\/01\\\/15\\\/el-cartel-del-domingo-de-resurreccion\\\/#breadcrumb\",\"itemListElement\":[{\"@type\":\"ListItem\",\"position\":1,\"name\":\"Portada\",\"item\":\"https:\\\/\\\/www.ignaciosanchezmejias.es\\\/\"},{\"@type\":\"ListItem\",\"position\":2,\"name\":\"El cartel del Domingo de Resurrecci\u00f3n\"}]},{\"@type\":\"WebSite\",\"@id\":\"https:\\\/\\\/www.ignaciosanchezmejias.es\\\/#website\",\"url\":\"https:\\\/\\\/www.ignaciosanchezmejias.es\\\/\",\"name\":\"Blog de Ignacio S\u00e1nchez-Mej\u00edas\",\"description\":\"Sitio personal ISM\",\"publisher\":{\"@id\":\"https:\\\/\\\/www.ignaciosanchezmejias.es\\\/#\\\/schema\\\/person\\\/494d20bda3404108c02016d5e608fc65\"},\"potentialAction\":[{\"@type\":\"SearchAction\",\"target\":{\"@type\":\"EntryPoint\",\"urlTemplate\":\"https:\\\/\\\/www.ignaciosanchezmejias.es\\\/?s={search_term_string}\"},\"query-input\":{\"@type\":\"PropertyValueSpecification\",\"valueRequired\":true,\"valueName\":\"search_term_string\"}}],\"inLanguage\":\"es\"},{\"@type\":[\"Person\",\"Organization\"],\"@id\":\"https:\\\/\\\/www.ignaciosanchezmejias.es\\\/#\\\/schema\\\/person\\\/494d20bda3404108c02016d5e608fc65\",\"name\":\"isanchezmejias\",\"image\":{\"@type\":\"ImageObject\",\"inLanguage\":\"es\",\"@id\":\"https:\\\/\\\/www.ignaciosanchezmejias.es\\\/wp-content\\\/uploads\\\/2020\\\/06\\\/cropped-Yo-antes.jpg\",\"url\":\"https:\\\/\\\/www.ignaciosanchezmejias.es\\\/wp-content\\\/uploads\\\/2020\\\/06\\\/cropped-Yo-antes.jpg\",\"contentUrl\":\"https:\\\/\\\/www.ignaciosanchezmejias.es\\\/wp-content\\\/uploads\\\/2020\\\/06\\\/cropped-Yo-antes.jpg\",\"width\":681,\"height\":482,\"caption\":\"isanchezmejias\"},\"logo\":{\"@id\":\"https:\\\/\\\/www.ignaciosanchezmejias.es\\\/wp-content\\\/uploads\\\/2020\\\/06\\\/cropped-Yo-antes.jpg\"},\"sameAs\":[\"https:\\\/\\\/www.ignaciosanchezmejias.es\"],\"url\":\"https:\\\/\\\/www.ignaciosanchezmejias.es\\\/index.php\\\/author\\\/isanchezmejias\\\/\"}]}<\/script>\n<!-- \/ Yoast SEO plugin. -->","yoast_head_json":{"title":"El cartel del Domingo de Resurrecci\u00f3n - Sitio web de Ignacio S\u00e1nchez-Mej\u00edas Herrero","robots":{"index":"index","follow":"follow","max-snippet":"max-snippet:-1","max-image-preview":"max-image-preview:large","max-video-preview":"max-video-preview:-1"},"canonical":"https:\/\/www.ignaciosanchezmejias.es\/index.php\/2010\/01\/15\/el-cartel-del-domingo-de-resurreccion\/","og_locale":"es_ES","og_type":"article","og_title":"El cartel del Domingo de Resurrecci\u00f3n - Sitio web de Ignacio S\u00e1nchez-Mej\u00edas Herrero","og_description":"Para muchos de los abonados sevillanos la corrida del Domingo de Resurrecci\u00f3n es la m\u00e1s importante de la temporada. Es el d\u00eda que volvemos a encontrarnos con nuestros amigos y vecinos de abono, despu\u00e9s de pasar un invierno sin toros. Yo, al menos, no suelo ver toros hasta ese d\u00eda, no s\u00e9, es como una [&hellip;]","og_url":"https:\/\/www.ignaciosanchezmejias.es\/index.php\/2010\/01\/15\/el-cartel-del-domingo-de-resurreccion\/","og_site_name":"Sitio web de Ignacio S\u00e1nchez-Mej\u00edas Herrero","article_published_time":"2010-01-15T18:45:21+00:00","article_modified_time":"2021-01-07T17:01:58+00:00","og_image":[{"width":500,"height":352,"url":"https:\/\/www.ignaciosanchezmejias.es\/wp-content\/uploads\/2010\/01\/morante-capote-en-sevilla.jpg","type":"image\/jpeg"}],"author":"isanchezmejias","twitter_card":"summary_large_image","twitter_misc":{"Escrito por":"isanchezmejias","Tiempo de lectura":"1 minuto"},"schema":{"@context":"https:\/\/schema.org","@graph":[{"@type":"Article","@id":"https:\/\/www.ignaciosanchezmejias.es\/index.php\/2010\/01\/15\/el-cartel-del-domingo-de-resurreccion\/#article","isPartOf":{"@id":"https:\/\/www.ignaciosanchezmejias.es\/index.php\/2010\/01\/15\/el-cartel-del-domingo-de-resurreccion\/"},"author":{"name":"isanchezmejias","@id":"https:\/\/www.ignaciosanchezmejias.es\/#\/schema\/person\/494d20bda3404108c02016d5e608fc65"},"headline":"El cartel del Domingo de Resurrecci\u00f3n","datePublished":"2010-01-15T18:45:21+00:00","dateModified":"2021-01-07T17:01:58+00:00","mainEntityOfPage":{"@id":"https:\/\/www.ignaciosanchezmejias.es\/index.php\/2010\/01\/15\/el-cartel-del-domingo-de-resurreccion\/"},"wordCount":303,"commentCount":13,"publisher":{"@id":"https:\/\/www.ignaciosanchezmejias.es\/#\/schema\/person\/494d20bda3404108c02016d5e608fc65"},"image":{"@id":"https:\/\/www.ignaciosanchezmejias.es\/index.php\/2010\/01\/15\/el-cartel-del-domingo-de-resurreccion\/#primaryimage"},"thumbnailUrl":"https:\/\/www.ignaciosanchezmejias.es\/wp-content\/uploads\/2010\/01\/morante-capote-en-sevilla.jpg","keywords":["El Cid","Jos\u00e9 Tom\u00e1s","Manzanares","Morante de la Puebla","Perera","Victorino","Zalduendo"],"articleSection":["Abono Sevilla 2010"],"inLanguage":"es","potentialAction":[{"@type":"CommentAction","name":"Comment","target":["https:\/\/www.ignaciosanchezmejias.es\/index.php\/2010\/01\/15\/el-cartel-del-domingo-de-resurreccion\/#respond"]}]},{"@type":"WebPage","@id":"https:\/\/www.ignaciosanchezmejias.es\/index.php\/2010\/01\/15\/el-cartel-del-domingo-de-resurreccion\/","url":"https:\/\/www.ignaciosanchezmejias.es\/index.php\/2010\/01\/15\/el-cartel-del-domingo-de-resurreccion\/","name":"El cartel del Domingo de Resurrecci\u00f3n - Sitio web de Ignacio S\u00e1nchez-Mej\u00edas Herrero","isPartOf":{"@id":"https:\/\/www.ignaciosanchezmejias.es\/#website"},"primaryImageOfPage":{"@id":"https:\/\/www.ignaciosanchezmejias.es\/index.php\/2010\/01\/15\/el-cartel-del-domingo-de-resurreccion\/#primaryimage"},"image":{"@id":"https:\/\/www.ignaciosanchezmejias.es\/index.php\/2010\/01\/15\/el-cartel-del-domingo-de-resurreccion\/#primaryimage"},"thumbnailUrl":"https:\/\/www.ignaciosanchezmejias.es\/wp-content\/uploads\/2010\/01\/morante-capote-en-sevilla.jpg","datePublished":"2010-01-15T18:45:21+00:00","dateModified":"2021-01-07T17:01:58+00:00","breadcrumb":{"@id":"https:\/\/www.ignaciosanchezmejias.es\/index.php\/2010\/01\/15\/el-cartel-del-domingo-de-resurreccion\/#breadcrumb"},"inLanguage":"es","potentialAction":[{"@type":"ReadAction","target":["https:\/\/www.ignaciosanchezmejias.es\/index.php\/2010\/01\/15\/el-cartel-del-domingo-de-resurreccion\/"]}]},{"@type":"ImageObject","inLanguage":"es","@id":"https:\/\/www.ignaciosanchezmejias.es\/index.php\/2010\/01\/15\/el-cartel-del-domingo-de-resurreccion\/#primaryimage","url":"https:\/\/www.ignaciosanchezmejias.es\/wp-content\/uploads\/2010\/01\/morante-capote-en-sevilla.jpg","contentUrl":"https:\/\/www.ignaciosanchezmejias.es\/wp-content\/uploads\/2010\/01\/morante-capote-en-sevilla.jpg","width":500,"height":352},{"@type":"BreadcrumbList","@id":"https:\/\/www.ignaciosanchezmejias.es\/index.php\/2010\/01\/15\/el-cartel-del-domingo-de-resurreccion\/#breadcrumb","itemListElement":[{"@type":"ListItem","position":1,"name":"Portada","item":"https:\/\/www.ignaciosanchezmejias.es\/"},{"@type":"ListItem","position":2,"name":"El cartel del Domingo de Resurrecci\u00f3n"}]},{"@type":"WebSite","@id":"https:\/\/www.ignaciosanchezmejias.es\/#website","url":"https:\/\/www.ignaciosanchezmejias.es\/","name":"Blog de Ignacio S\u00e1nchez-Mej\u00edas","description":"Sitio personal ISM","publisher":{"@id":"https:\/\/www.ignaciosanchezmejias.es\/#\/schema\/person\/494d20bda3404108c02016d5e608fc65"},"potentialAction":[{"@type":"SearchAction","target":{"@type":"EntryPoint","urlTemplate":"https:\/\/www.ignaciosanchezmejias.es\/?s={search_term_string}"},"query-input":{"@type":"PropertyValueSpecification","valueRequired":true,"valueName":"search_term_string"}}],"inLanguage":"es"},{"@type":["Person","Organization"],"@id":"https:\/\/www.ignaciosanchezmejias.es\/#\/schema\/person\/494d20bda3404108c02016d5e608fc65","name":"isanchezmejias","image":{"@type":"ImageObject","inLanguage":"es","@id":"https:\/\/www.ignaciosanchezmejias.es\/wp-content\/uploads\/2020\/06\/cropped-Yo-antes.jpg","url":"https:\/\/www.ignaciosanchezmejias.es\/wp-content\/uploads\/2020\/06\/cropped-Yo-antes.jpg","contentUrl":"https:\/\/www.ignaciosanchezmejias.es\/wp-content\/uploads\/2020\/06\/cropped-Yo-antes.jpg","width":681,"height":482,"caption":"isanchezmejias"},"logo":{"@id":"https:\/\/www.ignaciosanchezmejias.es\/wp-content\/uploads\/2020\/06\/cropped-Yo-antes.jpg"},"sameAs":["https:\/\/www.ignaciosanchezmejias.es"],"url":"https:\/\/www.ignaciosanchezmejias.es\/index.php\/author\/isanchezmejias\/"}]}},"_links":{"self":[{"href":"https:\/\/www.ignaciosanchezmejias.es\/index.php\/wp-json\/wp\/v2\/posts\/1209","targetHints":{"allow":["GET"]}}],"collection":[{"href":"https:\/\/www.ignaciosanchezmejias.es\/index.php\/wp-json\/wp\/v2\/posts"}],"about":[{"href":"https:\/\/www.ignaciosanchezmejias.es\/index.php\/wp-json\/wp\/v2\/types\/post"}],"author":[{"embeddable":true,"href":"https:\/\/www.ignaciosanchezmejias.es\/index.php\/wp-json\/wp\/v2\/users\/1"}],"replies":[{"embeddable":true,"href":"https:\/\/www.ignaciosanchezmejias.es\/index.php\/wp-json\/wp\/v2\/comments?post=1209"}],"version-history":[{"count":2,"href":"https:\/\/www.ignaciosanchezmejias.es\/index.php\/wp-json\/wp\/v2\/posts\/1209\/revisions"}],"predecessor-version":[{"id":4698,"href":"https:\/\/www.ignaciosanchezmejias.es\/index.php\/wp-json\/wp\/v2\/posts\/1209\/revisions\/4698"}],"wp:featuredmedia":[{"embeddable":true,"href":"https:\/\/www.ignaciosanchezmejias.es\/index.php\/wp-json\/wp\/v2\/media\/4696"}],"wp:attachment":[{"href":"https:\/\/www.ignaciosanchezmejias.es\/index.php\/wp-json\/wp\/v2\/media?parent=1209"}],"wp:term":[{"taxonomy":"category","embeddable":true,"href":"https:\/\/www.ignaciosanchezmejias.es\/index.php\/wp-json\/wp\/v2\/categories?post=1209"},{"taxonomy":"post_tag","embeddable":true,"href":"https:\/\/www.ignaciosanchezmejias.es\/index.php\/wp-json\/wp\/v2\/tags?post=1209"}],"curies":[{"name":"wp","href":"https:\/\/api.w.org\/{rel}","templated":true}]}}